{"id":2804,"date":"2022-09-26T16:22:44","date_gmt":"2022-09-26T16:22:44","guid":{"rendered":"https:\/\/www.a-demeure.org\/production\/lani-maestro-a-bataville-in-lorraine\/"},"modified":"2022-09-26T16:24:50","modified_gmt":"2022-09-26T16:24:50","slug":"lani-maestro-in-bataville-lorraine","status":"publish","type":"post","link":"https:\/\/www.a-demeure.org\/production\/en\/lani-maestro-in-bataville-lorraine\/","title":{"rendered":"Lani Maestro in Bataville , Lorraine"},"content":{"rendered":"<h1><span style=\"font-size: 18pt; color: #000000;\"><em> Limen<\/em><\/span><\/h1>\n<p>Le site de Bataville est n\u00e9 en 1931 \u00e0 l\u2019initiative de Tom\u00e1\u0161 Bata, fondateur du groupe industriel du m\u00eame nom. Il compte 2\u00a0700 ouvriers en 1939, 840 en 2001. La d\u00e9localisation des activit\u00e9s en 2002 d\u00e9bouche sur le licenciement de 800 personnes. Au moment de la commande quelques entreprises \u00e9taient implant\u00e9es sur le site qui accueillait aussi l\u2019ancienne Communaut\u00e9 de communes du Pays des \u00e9tangs, install\u00e9e dans l\u2019ancien magasin d\u2019usine.<\/p>\n<p>En 2010, Bataville entre dans une phase interm\u00e9diaire de son \u00e9volution. L\u2019association La Chaussure Bataville, en collaboration avec les collectivit\u00e9s locales, a souhait\u00e9 d\u00e9velopper un projet culturel et \u00e9conomique qui accompagne cette mutation. Comment faire coexister la m\u00e9moire encore vive d\u2019une cit\u00e9 organis\u00e9e autour du travail \u00e0 l\u2019usine et la possibilit\u00e9 d\u2019autres usages ?<\/p>\n<p>Lani Maestro envisage sa proposition comme l\u2019\u00abantith\u00e8se du lieu et du travail industriels\u00bb et comme un espace collectif. <em>Limen<\/em> \u2014 mot latin qui signifie \u00ab seuil \u00bb, \u00abpassage d\u2019un \u00e9tat vers un autre \u00bb \u2014 est le titre de cette sculpture. C\u2019est une structure ajour\u00e9e compos\u00e9e d\u2019une longue plateforme surmont\u00e9e d\u2019une charpente de bois. Elle \u00e9voque le tunnel et le pont par le rythme r\u00e9gulier de ses trav\u00e9es et sa fonction de passage.<\/p>\n<p>L\u2019\u0153uvre invite \u00e0 la promenade et au repos comme \u00ab mani\u00e8re d\u2019\u00eatre avec soi-m\u00eame \u00bb, s\u2019anime de notre pr\u00e9sence et de celle des autres. Elle est install\u00e9e entre l\u2019ancienne cantine et le site de production, pr\u00e8s d\u2019un<\/p>\n<p><span style=\"color: #000000;\"><a style=\"color: #000000;\" href=\"http:\/\/www.a-demeure.org\/production\/wp-content\/uploads\/2015\/03\/cp-lani-maestro-lorraine.pdf\" target=\"_blank\" rel=\"noopener\"><br \/>\ncommuniqu\u00e9 de presse, avril 2014 \u2013 pdf<\/a><\/span><\/p>\n\n\t\t<style type=\"text\/css\">\n\t\t\t#gallery-1 {\n\t\t\t\tmargin: auto;\n\t\t\t}\n\t\t\t#gallery-1 .gallery-item {\n\t\t\t\tfloat: left;\n\t\t\t\tmargin-top: 10px;\n\t\t\t\ttext-align: center;\n\t\t\t\twidth: 25%;\n\t\t\t}\n\t\t\t#gallery-1 img {\n\t\t\t\tborder: 2px solid #cfcfcf;\n\t\t\t}\n\t\t\t#gallery-1 .gallery-caption {\n\t\t\t\tmargin-left: 0;\n\t\t\t}\n\t\t\t\/* see gallery_shortcode() in wp-includes\/media.php *\/\n\t\t<\/style>\n\t\t<div id='gallery-1' class='gallery galleryid-2804 gallery-columns-4 gallery-size-thumbnail'><dl class='gallery-item'>\n\t\t\t<dt class='gallery-icon landscape'>\n\t\t\t\t<a href='https:\/\/www.a-demeure.org\/production\/wp-content\/uploads\/2014\/11\/lani-maestro-bataville-a-demeure-02.jpg'><img loading=\"lazy\" decoding=\"async\" width=\"142\" height=\"95\" src=\"https:\/\/www.a-demeure.org\/production\/wp-content\/uploads\/2014\/11\/lani-maestro-bataville-a-demeure-02-142x95.jpg\" class=\"attachment-thumbnail size-thumbnail\" alt=\"\" srcset=\"https:\/\/www.a-demeure.org\/production\/wp-content\/uploads\/2014\/11\/lani-maestro-bataville-a-demeure-02-142x95.jpg 142w, https:\/\/www.a-demeure.org\/production\/wp-content\/uploads\/2014\/11\/lani-maestro-bataville-a-demeure-02-300x199.jpg 300w, https:\/\/www.a-demeure.org\/production\/wp-content\/uploads\/2014\/11\/lani-maestro-bataville-a-demeure-02-624x415.jpg 624w, https:\/\/www.a-demeure.org\/production\/wp-content\/uploads\/2014\/11\/lani-maestro-bataville-a-demeure-02.jpg 1024w\" sizes=\"auto, (max-width: 142px) 100vw, 142px\" \/><\/a>\n\t\t\t<\/dt><\/dl><dl class='gallery-item'>\n\t\t\t<dt class='gallery-icon portrait'>\n\t\t\t\t<a href='https:\/\/www.a-demeure.org\/production\/wp-content\/uploads\/2014\/11\/lani-maestro-bataville-a-demeure-03.jpg'><img loading=\"lazy\" decoding=\"async\" width=\"63\" height=\"95\" src=\"https:\/\/www.a-demeure.org\/production\/wp-content\/uploads\/2014\/11\/lani-maestro-bataville-a-demeure-03-63x95.jpg\" class=\"attachment-thumbnail size-thumbnail\" alt=\"\" srcset=\"https:\/\/www.a-demeure.org\/production\/wp-content\/uploads\/2014\/11\/lani-maestro-bataville-a-demeure-03-63x95.jpg 63w, https:\/\/www.a-demeure.org\/production\/wp-content\/uploads\/2014\/11\/lani-maestro-bataville-a-demeure-03-199x300.jpg 199w, https:\/\/www.a-demeure.org\/production\/wp-content\/uploads\/2014\/11\/lani-maestro-bataville-a-demeure-03.jpg 533w\" sizes=\"auto, (max-width: 63px) 100vw, 63px\" \/><\/a>\n\t\t\t<\/dt><\/dl><dl class='gallery-item'>\n\t\t\t<dt class='gallery-icon landscape'>\n\t\t\t\t<a href='https:\/\/www.a-demeure.org\/production\/wp-content\/uploads\/2014\/11\/lani-maestro-bataville-a-demeure-71.jpg'><img loading=\"lazy\" decoding=\"async\" width=\"142\" height=\"95\" src=\"https:\/\/www.a-demeure.org\/production\/wp-content\/uploads\/2014\/11\/lani-maestro-bataville-a-demeure-71-142x95.jpg\" class=\"attachment-thumbnail size-thumbnail\" alt=\"\" srcset=\"https:\/\/www.a-demeure.org\/production\/wp-content\/uploads\/2014\/11\/lani-maestro-bataville-a-demeure-71-142x95.jpg 142w, https:\/\/www.a-demeure.org\/production\/wp-content\/uploads\/2014\/11\/lani-maestro-bataville-a-demeure-71-300x199.jpg 300w, https:\/\/www.a-demeure.org\/production\/wp-content\/uploads\/2014\/11\/lani-maestro-bataville-a-demeure-71-624x415.jpg 624w, https:\/\/www.a-demeure.org\/production\/wp-content\/uploads\/2014\/11\/lani-maestro-bataville-a-demeure-71.jpg 800w\" sizes=\"auto, (max-width: 142px) 100vw, 142px\" \/><\/a>\n\t\t\t<\/dt><\/dl><dl class='gallery-item'>\n\t\t\t<dt class='gallery-icon landscape'>\n\t\t\t\t<a href='https:\/\/www.a-demeure.org\/production\/wp-content\/uploads\/2014\/11\/lani-maestro-bataville-a-demeure-05.jpg'><img loading=\"lazy\" decoding=\"async\" width=\"142\" height=\"95\" src=\"https:\/\/www.a-demeure.org\/production\/wp-content\/uploads\/2014\/11\/lani-maestro-bataville-a-demeure-05-142x95.jpg\" class=\"attachment-thumbnail size-thumbnail\" alt=\"\" srcset=\"https:\/\/www.a-demeure.org\/production\/wp-content\/uploads\/2014\/11\/lani-maestro-bataville-a-demeure-05-142x95.jpg 142w, https:\/\/www.a-demeure.org\/production\/wp-content\/uploads\/2014\/11\/lani-maestro-bataville-a-demeure-05-300x199.jpg 300w, https:\/\/www.a-demeure.org\/production\/wp-content\/uploads\/2014\/11\/lani-maestro-bataville-a-demeure-05-624x415.jpg 624w, https:\/\/www.a-demeure.org\/production\/wp-content\/uploads\/2014\/11\/lani-maestro-bataville-a-demeure-05.jpg 800w\" sizes=\"auto, (max-width: 142px) 100vw, 142px\" \/><\/a>\n\t\t\t<\/dt><\/dl><br style=\"clear: both\" \/><dl class='gallery-item'>\n\t\t\t<dt class='gallery-icon landscape'>\n\t\t\t\t<a href='https:\/\/www.a-demeure.org\/production\/wp-content\/uploads\/2014\/11\/lani-maestro-bataville-a-demeure-06.jpg'><img loading=\"lazy\" decoding=\"async\" width=\"142\" height=\"95\" src=\"https:\/\/www.a-demeure.org\/production\/wp-content\/uploads\/2014\/11\/lani-maestro-bataville-a-demeure-06-142x95.jpg\" class=\"attachment-thumbnail size-thumbnail\" alt=\"\" srcset=\"https:\/\/www.a-demeure.org\/production\/wp-content\/uploads\/2014\/11\/lani-maestro-bataville-a-demeure-06-142x95.jpg 142w, https:\/\/www.a-demeure.org\/production\/wp-content\/uploads\/2014\/11\/lani-maestro-bataville-a-demeure-06-300x199.jpg 300w, https:\/\/www.a-demeure.org\/production\/wp-content\/uploads\/2014\/11\/lani-maestro-bataville-a-demeure-06-624x415.jpg 624w, https:\/\/www.a-demeure.org\/production\/wp-content\/uploads\/2014\/11\/lani-maestro-bataville-a-demeure-06.jpg 1024w\" sizes=\"auto, (max-width: 142px) 100vw, 142px\" \/><\/a>\n\t\t\t<\/dt><\/dl><dl class='gallery-item'>\n\t\t\t<dt class='gallery-icon landscape'>\n\t\t\t\t<a href='https:\/\/www.a-demeure.org\/production\/wp-content\/uploads\/2014\/11\/lani-maestro-bataville-a-demeure-07.jpg'><img loading=\"lazy\" decoding=\"async\" width=\"142\" height=\"95\" src=\"https:\/\/www.a-demeure.org\/production\/wp-content\/uploads\/2014\/11\/lani-maestro-bataville-a-demeure-07-142x95.jpg\" class=\"attachment-thumbnail size-thumbnail\" alt=\"\" srcset=\"https:\/\/www.a-demeure.org\/production\/wp-content\/uploads\/2014\/11\/lani-maestro-bataville-a-demeure-07-142x95.jpg 142w, https:\/\/www.a-demeure.org\/production\/wp-content\/uploads\/2014\/11\/lani-maestro-bataville-a-demeure-07-300x199.jpg 300w, https:\/\/www.a-demeure.org\/production\/wp-content\/uploads\/2014\/11\/lani-maestro-bataville-a-demeure-07-624x415.jpg 624w, https:\/\/www.a-demeure.org\/production\/wp-content\/uploads\/2014\/11\/lani-maestro-bataville-a-demeure-07.jpg 800w\" sizes=\"auto, (max-width: 142px) 100vw, 142px\" \/><\/a>\n\t\t\t<\/dt><\/dl><dl class='gallery-item'>\n\t\t\t<dt class='gallery-icon landscape'>\n\t\t\t\t<a href='https:\/\/www.a-demeure.org\/production\/wp-content\/uploads\/2014\/11\/lani-maestro-bataville-a-demeure-01.jpg'><img loading=\"lazy\" decoding=\"async\" width=\"142\" height=\"95\" src=\"https:\/\/www.a-demeure.org\/production\/wp-content\/uploads\/2014\/11\/lani-maestro-bataville-a-demeure-01-142x95.jpg\" class=\"attachment-thumbnail size-thumbnail\" alt=\"\" srcset=\"https:\/\/www.a-demeure.org\/production\/wp-content\/uploads\/2014\/11\/lani-maestro-bataville-a-demeure-01-142x95.jpg 142w, https:\/\/www.a-demeure.org\/production\/wp-content\/uploads\/2014\/11\/lani-maestro-bataville-a-demeure-01-300x199.jpg 300w, https:\/\/www.a-demeure.org\/production\/wp-content\/uploads\/2014\/11\/lani-maestro-bataville-a-demeure-01-624x415.jpg 624w, https:\/\/www.a-demeure.org\/production\/wp-content\/uploads\/2014\/11\/lani-maestro-bataville-a-demeure-01.jpg 1023w\" sizes=\"auto, (max-width: 142px) 100vw, 142px\" \/><\/a>\n\t\t\t<\/dt><\/dl>\n\t\t\t<br style='clear: both' \/>\n\t\t<\/div>\n\n<p><strong>commanditaires : <\/strong><strong>Commune de Moussey, d&#8217;anciens salari\u00e9s des usines Bata et association La Chaussure Bataville<\/strong><\/p>\n<p><strong>soutien : <\/strong><strong>Parc naturel r\u00e9gional de Lorraine dans le cadre du programme europ\u00e9en LEADER (Fonds europ\u00e9en agricole pour le D\u00e9veloppement rural), Fondation de France, Drac Lorraine, R\u00e9gion Lorraine, D\u00e9partement de la Moselle<\/strong><\/p>\n<p><strong>2014<\/strong><\/p>\n<p><span style=\"font-size: 8pt;\">cr\u00e9dits photographiques Phoeb\u00e9 Meyer<br \/>\n<\/span><\/p>\n","protected":false},"excerpt":{"rendered":"<p>Limen Le site de Bataville est n\u00e9 en 1931 \u00e0 l\u2019initiative de Tom\u00e1\u0161 Bata, fondateur du groupe industriel du m\u00eame nom. Il compte 2\u00a0700 ouvriers en 1939, 840 en 2001. La d\u00e9localisation des activit\u00e9s en 2002 d\u00e9bouche sur le licenciement de 800 personnes. Au moment de la commande quelques entreprises \u00e9taient implant\u00e9es sur le site [&hellip;]<\/p>\n","protected":false},"author":2,"featured_media":2806,"comment_status":"closed","ping_status":"closed","sticky":false,"template":"","format":"standard","meta":{"footnotes":""},"categories":[42,41,37,27],"tags":[],"class_list":["post-2804","post","type-post","status-publish","format-standard","has-post-thumbnail","hentry","category-industrial-landscape-en","category-lani-maestro-en","category-realisations-en","category-uncategorized"],"_links":{"self":[{"href":"https:\/\/www.a-demeure.org\/production\/en\/wp-json\/wp\/v2\/posts\/2804","targetHints":{"allow":["GET"]}}],"collection":[{"href":"https:\/\/www.a-demeure.org\/production\/en\/wp-json\/wp\/v2\/posts"}],"about":[{"href":"https:\/\/www.a-demeure.org\/production\/en\/wp-json\/wp\/v2\/types\/post"}],"author":[{"embeddable":true,"href":"https:\/\/www.a-demeure.org\/production\/en\/wp-json\/wp\/v2\/users\/2"}],"replies":[{"embeddable":true,"href":"https:\/\/www.a-demeure.org\/production\/en\/wp-json\/wp\/v2\/comments?post=2804"}],"version-history":[{"count":2,"href":"https:\/\/www.a-demeure.org\/production\/en\/wp-json\/wp\/v2\/posts\/2804\/revisions"}],"predecessor-version":[{"id":2822,"href":"https:\/\/www.a-demeure.org\/production\/en\/wp-json\/wp\/v2\/posts\/2804\/revisions\/2822"}],"wp:featuredmedia":[{"embeddable":true,"href":"https:\/\/www.a-demeure.org\/production\/en\/wp-json\/wp\/v2\/media\/2806"}],"wp:attachment":[{"href":"https:\/\/www.a-demeure.org\/production\/en\/wp-json\/wp\/v2\/media?parent=2804"}],"wp:term":[{"taxonomy":"category","embeddable":true,"href":"https:\/\/www.a-demeure.org\/production\/en\/wp-json\/wp\/v2\/categories?post=2804"},{"taxonomy":"post_tag","embeddable":true,"href":"https:\/\/www.a-demeure.org\/production\/en\/wp-json\/wp\/v2\/tags?post=2804"}],"curies":[{"name":"wp","href":"https:\/\/api.w.org\/{rel}","templated":true}]}}