{"id":1034,"date":"2017-06-25T07:35:06","date_gmt":"2017-06-25T07:35:06","guid":{"rendered":"http:\/\/www.a-demeure.org\/production\/?p=1034"},"modified":"2022-03-25T08:34:04","modified_gmt":"2022-03-25T08:34:04","slug":"en-midi-pyrenees","status":"publish","type":"post","link":"https:\/\/www.a-demeure.org\/production\/en-midi-pyrenees\/","title":{"rendered":"en Occitanie"},"content":{"rendered":"<p class=\"entry-header\"><span style=\"color: #000000;\">Daniel Buren<\/span><br \/>\n<span style=\"color: #808080;\"><a style=\"color: #808080;\" title=\"Daniel Buren \u00e0 Toulouse\" href=\"https:\/\/www.a-demeure.org\/production\/daniel-buren-toulouse\/\"> <strong><span style=\"color: #808080;\">une oeuvre pour le CHU<\/span> <\/strong><\/a><\/span><span style=\"color: #000000;\"><strong>\u00e0 Toulouse<\/strong><\/span><\/p>\n<p><span style=\"color: #000000;\">Marie-Ange Guilleminot<\/span><br \/>\n<span style=\"color: #000000;\"> <strong><span style=\"color: #808080;\"><a style=\"color: #808080;\" title=\"Marie-Ange Guilleminot \u00e0 Gaillac\" href=\"https:\/\/www.a-demeure.org\/production\/marie-ange-guilleminot\/\"><em>L&rsquo;espace entre !<\/em><\/a> <\/span>\u00e0 Gaillac<\/strong><\/span><\/p>\n<p><span style=\"color: #000000;\">Jessica Stockholder<\/span><strong><br \/>\n<span style=\"color: #000000;\"> <strong><a title=\"Jessica Stockholder \u00e0 Toulouse\" href=\"https:\/\/www.a-demeure.org\/production\/jessica-stockholder-a-toulouse\/\"><em><span style=\"color: #808080;\">Los P\u00e8s del parpalh\u00f2l<\/span><\/em><\/a> \u00e0 Toulouse<\/strong><\/span><\/strong><\/p>\n<p><span style=\"color: #000000;\">George Trakas<\/span><strong><br \/>\n<span style=\"color: #808080;\"><a style=\"color: #808080;\" title=\"George Trakas \u00e0 Lamelouze (Gard)\" href=\"https:\/\/www.a-demeure.org\/production\/george-trakas-a-lamelouze-gard\/\"><em>Du sec \u00e0 l&rsquo;eau<\/em><\/a><\/span> \u00e0 Lamelouze (Gard)<\/strong><\/p>\n<p><span style=\"color: #000000;\">Jo\u00eblle Tuerlinckx<\/span><strong><br \/>\n<span style=\"color: #808080;\"><a style=\"color: #808080;\" title=\"Jo\u00eblle Tuerlinckx \u00e0 Cransac\" href=\"https:\/\/www.a-demeure.org\/production\/joelle-tuerlinckx\/\"><em>La Triangulaire de Cransac \u2018MUS\u00c9E DE LA M\u00c9MOIRE \u2013 <span style=\"font-size: 8pt;\">PROPRI\u00c9T\u00c9 UNIVERSELLE<\/span> \u00ae&rsquo;<\/em><\/a><\/span>\u00a0 \u00e0 Cransac<\/strong><\/p>\n","protected":false},"excerpt":{"rendered":"<p>Daniel Buren une oeuvre pour le CHU \u00e0 Toulouse Marie-Ange Guilleminot L&rsquo;espace entre ! \u00e0 Gaillac Jessica Stockholder Los P\u00e8s del parpalh\u00f2l \u00e0 Toulouse George Trakas Du sec \u00e0 l&rsquo;eau \u00e0 Lamelouze (Gard) Jo\u00eblle Tuerlinckx La Triangulaire de Cransac \u2018MUS\u00c9E DE LA M\u00c9MOIRE \u2013 PROPRI\u00c9T\u00c9 UNIVERSELLE \u00ae&rsquo;\u00a0 \u00e0 Cransac<\/p>\n","protected":false},"author":2,"featured_media":0,"comment_status":"open","ping_status":"open","sticky":false,"template":"","format":"standard","meta":{"footnotes":""},"categories":[7],"tags":[],"class_list":["post-1034","post","type-post","status-publish","format-standard","hentry","category-en-occitanie"],"_links":{"self":[{"href":"https:\/\/www.a-demeure.org\/production\/wp-json\/wp\/v2\/posts\/1034","targetHints":{"allow":["GET"]}}],"collection":[{"href":"https:\/\/www.a-demeure.org\/production\/wp-json\/wp\/v2\/posts"}],"about":[{"href":"https:\/\/www.a-demeure.org\/production\/wp-json\/wp\/v2\/types\/post"}],"author":[{"embeddable":true,"href":"https:\/\/www.a-demeure.org\/production\/wp-json\/wp\/v2\/users\/2"}],"replies":[{"embeddable":true,"href":"https:\/\/www.a-demeure.org\/production\/wp-json\/wp\/v2\/comments?post=1034"}],"version-history":[{"count":12,"href":"https:\/\/www.a-demeure.org\/production\/wp-json\/wp\/v2\/posts\/1034\/revisions"}],"predecessor-version":[{"id":2496,"href":"https:\/\/www.a-demeure.org\/production\/wp-json\/wp\/v2\/posts\/1034\/revisions\/2496"}],"wp:attachment":[{"href":"https:\/\/www.a-demeure.org\/production\/wp-json\/wp\/v2\/media?parent=1034"}],"wp:term":[{"taxonomy":"category","embeddable":true,"href":"https:\/\/www.a-demeure.org\/production\/wp-json\/wp\/v2\/categories?post=1034"},{"taxonomy":"post_tag","embeddable":true,"href":"https:\/\/www.a-demeure.org\/production\/wp-json\/wp\/v2\/tags?post=1034"}],"curies":[{"name":"wp","href":"https:\/\/api.w.org\/{rel}","templated":true}]}}