{"id":1096,"date":"2015-05-04T11:05:31","date_gmt":"2015-05-04T11:05:31","guid":{"rendered":"http:\/\/www.a-demeure.org\/production\/?p=1096"},"modified":"2016-02-17T09:12:07","modified_gmt":"2016-02-17T09:12:07","slug":"enquete-sur-lenotre-dehors-valence-le-haut-projection-du-film-ecole-des-beaux-arts-de-valence","status":"publish","type":"post","link":"https:\/\/www.a-demeure.org\/production\/enquete-sur-lenotre-dehors-valence-le-haut-projection-du-film-ecole-des-beaux-arts-de-valence\/","title":{"rendered":"Enqu\u00eate sur le\/notre dehors (Valence-le-Haut), projection du film, \u00c9cole des beaux-arts de Valence"},"content":{"rendered":"<p style=\"text-align: justify;\"><span style=\"color: #000000;\">Un jour, une habitante du quartier fit l\u2019\u00e9loge de l\u2019insaisissable Mistral, du vent, insaisissabilit\u00e9 avec laquelle elle a voulu se confondre\u2026 D\u00e9ploy\u00e9 autour d\u2019un parcours r\u00e9alis\u00e9 \u00e0 pied, la nuit, avec un groupe d\u2019habitants et d\u2019habitantes du quartier de Fontbarlettes et d\u2019ailleurs, en allant du centre ville de Valence vers sa p\u00e9riph\u00e9rie, ce film fait document et nous parle. Il n\u2019est pas ais\u00e9 de r\u00e9sumer la richesse de cette exp\u00e9rience de quatre ans durant lesquels des liens se sont tiss\u00e9s pour arriver \u00e0 rendre une partie de la complexit\u00e9 des voix, des regards et des pens\u00e9es qui peuplent ce quartier. Le tournage a d\u00e9but\u00e9 en 2009 alors que les premi\u00e8res rencontres datent de 2007.<\/span><br \/>\n<span style=\"color: #000000;\"> A l\u2019origine, le film de m\u00eame qu\u2019une publication qui l\u2019accompagne, sont n\u00e9s d\u2019une demande des habitants et des membres de l\u2019association Le MAT, qui, constatant une stigmatisation du quartier de Fontbarlettes (Valence-le-Haut), ont souhait\u00e9 \u2013 en faisant appel \u00e0 Alejandra Riera \u2013 r\u00e9v\u00e9ler les mani\u00e8res dont ils se sont appropri\u00e9 cet espace en mutation constante.<\/span><\/p>\n<p style=\"text-align: justify;\"><span style=\"color: #000000;\">Avec Jo Pino, Hafida Kada, Marion Barras, Amel, Mohamad-Ali Osman et leurs enfants, Pierre Pellet, Catherine [Marie-Jeannette] Lacoste, Ahmad Qamouch, Luc Fontaine, Rachid et Rachida Zahri, Mich\u00e8le et \u00c9liane Blache, Daniel Anquetil, Mohamed Ben Ftima, Meriem Fradj et Xavier Hubert, Mireille Baudron, Alain Nivon, Marc Papillon, H\u00e9lo\u00efse Bariol, Alejandra Riera, Annie Roman, Val\u00e9rie Cudel, Marine Boulay.<\/span><\/p>\n<p style=\"text-align: justify;\"><span style=\"color: #000000;\">Le film a \u00e9t\u00e9 r\u00e9alis\u00e9 dans le cadre de l\u2019action Nouveaux commanditaires initi\u00e9e par la Fondation de France, avec la participation de l\u2019association Le MAT et le soutien du Centre national des arts plastiques (Image\/mouvement), la DRAC Rh\u00f4ne-Alpes et la R\u00e9gion Rh\u00f4ne-Alpes.<\/span><\/p>\n","protected":false},"excerpt":{"rendered":"<p>Un jour, une habitante du quartier fit l\u2019\u00e9loge de l\u2019insaisissable Mistral, du vent, insaisissabilit\u00e9 avec laquelle elle a voulu se confondre\u2026 D\u00e9ploy\u00e9 autour d\u2019un parcours r\u00e9alis\u00e9 \u00e0 pied, la nuit, avec un groupe d\u2019habitants et d\u2019habitantes du quartier de Fontbarlettes et d\u2019ailleurs, en allant du centre ville de Valence vers sa p\u00e9riph\u00e9rie, ce film fait [&hellip;]<\/p>\n","protected":false},"author":2,"featured_media":1099,"comment_status":"open","ping_status":"open","sticky":false,"template":"","format":"standard","meta":{"footnotes":""},"categories":[9],"tags":[],"class_list":["post-1096","post","type-post","status-publish","format-standard","has-post-thumbnail","hentry","category-expositions"],"_links":{"self":[{"href":"https:\/\/www.a-demeure.org\/production\/wp-json\/wp\/v2\/posts\/1096","targetHints":{"allow":["GET"]}}],"collection":[{"href":"https:\/\/www.a-demeure.org\/production\/wp-json\/wp\/v2\/posts"}],"about":[{"href":"https:\/\/www.a-demeure.org\/production\/wp-json\/wp\/v2\/types\/post"}],"author":[{"embeddable":true,"href":"https:\/\/www.a-demeure.org\/production\/wp-json\/wp\/v2\/users\/2"}],"replies":[{"embeddable":true,"href":"https:\/\/www.a-demeure.org\/production\/wp-json\/wp\/v2\/comments?post=1096"}],"version-history":[{"count":7,"href":"https:\/\/www.a-demeure.org\/production\/wp-json\/wp\/v2\/posts\/1096\/revisions"}],"predecessor-version":[{"id":1527,"href":"https:\/\/www.a-demeure.org\/production\/wp-json\/wp\/v2\/posts\/1096\/revisions\/1527"}],"wp:featuredmedia":[{"embeddable":true,"href":"https:\/\/www.a-demeure.org\/production\/wp-json\/wp\/v2\/media\/1099"}],"wp:attachment":[{"href":"https:\/\/www.a-demeure.org\/production\/wp-json\/wp\/v2\/media?parent=1096"}],"wp:term":[{"taxonomy":"category","embeddable":true,"href":"https:\/\/www.a-demeure.org\/production\/wp-json\/wp\/v2\/categories?post=1096"},{"taxonomy":"post_tag","embeddable":true,"href":"https:\/\/www.a-demeure.org\/production\/wp-json\/wp\/v2\/tags?post=1096"}],"curies":[{"name":"wp","href":"https:\/\/api.w.org\/{rel}","templated":true}]}}