{"id":158,"date":"2015-04-02T11:23:57","date_gmt":"2015-04-02T11:23:57","guid":{"rendered":"http:\/\/www.a-demeure.org\/commandes\/?p=158"},"modified":"2022-03-23T08:15:24","modified_gmt":"2022-03-23T08:15:24","slug":"christophe-terlinden-tilt-beaumont-puy-de-dome","status":"publish","type":"post","link":"https:\/\/www.a-demeure.org\/production\/christophe-terlinden-tilt-beaumont-puy-de-dome\/","title":{"rendered":"Christophe Terlinden, Emmanuel Lambion et Iwan Strauven \u00e0 Beaumont, Puy-de-D\u00f4me"},"content":{"rendered":"<h1><span style=\"color: #000000; font-size: 18pt;\"><em>Pietro<\/em><\/span><\/h1>\n<header class=\"header-project\"><\/header>\n<section class=\"text lft\">La municipalit\u00e9 de Beaumont a fait appel \u00e0 Christophe Terlinden et les collectif TILT pour repenser le lien qui unit la ville \u00e0 ses habitants. En 2003, une r\u00e9flexion avait \u00e9t\u00e9 engag\u00e9e sur l\u2019identit\u00e9 de cette commune de l\u2019agglom\u00e9ration clermontoise alors en pleine \u00e9volution\u00a0: construction de logements mixtes, cr\u00e9ation d\u2019un chemin vert et de la Maison des Beaumontois, extension de l\u2019espace bois\u00e9 et class\u00e9 de la Ch\u00e2taigneraie.<\/p>\n<p>Ces mutations ont engendr\u00e9 le besoin de requalifier les espaces publics &#8211; notamment le centre historique &#8211; et de mener une action pour rompre avec l\u2019image de ville dortoir, d\u00e9cloisonner les quartiers et inciter les habitants \u00e0 red\u00e9couvrir leur ville.<\/p>\n<p>Prenant appui sur le chemin vert nouvellement cr\u00e9\u00e9, Christophe Terlinden s\u2019est associ\u00e9 \u00e0 Emmanuel Lambion et Iwan Strauven pour concevoir un dessin sculptural reliant les diff\u00e9rentes strates de la ville. Le PIETRO &#8211; contraction de pi\u00e9ton et m\u00e9tro &#8211; est constitu\u00e9, tel un r\u00e9seau urbain, de quatre chemins balis\u00e9s par des disques en lave \u00e9maill\u00e9e. Chaque itin\u00e9raire est identifi\u00e9 par une couleur distincte\u00a0: bleu, rouge, jaune ou blanc.<\/p>\n<p>Les parcours sont repr\u00e9sent\u00e9s \u00e0 l\u2019image d\u2019un plan de m\u00e9tro. Encastr\u00e9 dans des bancs plac\u00e9s aux croisements et aux extr\u00e9mit\u00e9s des chemins, le plan figure \u00e9galement dans une \u00e9dition, d\u00e9pliant qui offre au verso une perception subjective des sites de Beaumont avec huit dessins de Christophe Terlinden.<\/p>\n<p>Le PIETRO est une \u0153uvre ludique dont l\u2019ambition est de favoriser une lecture diff\u00e9rente de la ville pour les Beaumontois comme pour les visiteurs occasionnels.<\/p>\n<\/section>\n<p><span style=\"color: #000000;\"><a style=\"color: #000000;\" href=\"https:\/\/www.a-demeure.org\/production\/wp-content\/uploads\/2014\/11\/dp-Lambion-Strauven-Terlinden-Beaumont.pdf\" target=\"_blank\" rel=\"noopener\"><br \/>\n<\/a><a style=\"color: #000000;\" href=\"https:\/\/www.a-demeure.org\/production\/wp-content\/uploads\/2015\/03\/dp-lambion-strauven-terlinden-beaumont.pdf\" target=\"_blank\" rel=\"noopener\">dossier de presse, novembre 2007 \u2013 pdf<\/a><\/span><\/p>\n<p><span style=\"font-size: 8pt;\">plan du pietro, dessins verso Christophe Terlinden<\/span><\/p>\n\n\t\t<style type=\"text\/css\">\n\t\t\t#gallery-1 {\n\t\t\t\tmargin: auto;\n\t\t\t}\n\t\t\t#gallery-1 .gallery-item {\n\t\t\t\tfloat: left;\n\t\t\t\tmargin-top: 10px;\n\t\t\t\ttext-align: center;\n\t\t\t\twidth: 25%;\n\t\t\t}\n\t\t\t#gallery-1 img {\n\t\t\t\tborder: 2px solid #cfcfcf;\n\t\t\t}\n\t\t\t#gallery-1 .gallery-caption {\n\t\t\t\tmargin-left: 0;\n\t\t\t}\n\t\t\t\/* see gallery_shortcode() in wp-includes\/media.php *\/\n\t\t<\/style>\n\t\t<div id='gallery-1' class='gallery galleryid-158 gallery-columns-4 gallery-size-thumbnail'><dl class='gallery-item'>\n\t\t\t<dt class='gallery-icon landscape'>\n\t\t\t\t<a href='https:\/\/www.a-demeure.org\/production\/wp-content\/uploads\/2014\/11\/terlinden-lambion-strauven-beaumont-a-demeure-21.jpg'><img loading=\"lazy\" decoding=\"async\" width=\"134\" height=\"95\" src=\"https:\/\/www.a-demeure.org\/production\/wp-content\/uploads\/2014\/11\/terlinden-lambion-strauven-beaumont-a-demeure-21-137x97.jpg\" class=\"attachment-thumbnail size-thumbnail\" alt=\"\" srcset=\"https:\/\/www.a-demeure.org\/production\/wp-content\/uploads\/2014\/11\/terlinden-lambion-strauven-beaumont-a-demeure-21-137x97.jpg 137w, https:\/\/www.a-demeure.org\/production\/wp-content\/uploads\/2014\/11\/terlinden-lambion-strauven-beaumont-a-demeure-21-300x212.jpg 300w, https:\/\/www.a-demeure.org\/production\/wp-content\/uploads\/2014\/11\/terlinden-lambion-strauven-beaumont-a-demeure-21-624x441.jpg 624w, https:\/\/www.a-demeure.org\/production\/wp-content\/uploads\/2014\/11\/terlinden-lambion-strauven-beaumont-a-demeure-21.jpg 1024w\" sizes=\"auto, (max-width: 134px) 100vw, 134px\" \/><\/a>\n\t\t\t<\/dt><\/dl><dl class='gallery-item'>\n\t\t\t<dt class='gallery-icon portrait'>\n\t\t\t\t<a href='https:\/\/www.a-demeure.org\/production\/wp-content\/uploads\/2014\/11\/terlinden-lambion-strauven-beaumont-a-demeure-10.jpg'><img loading=\"lazy\" decoding=\"async\" width=\"67\" height=\"95\" src=\"https:\/\/www.a-demeure.org\/production\/wp-content\/uploads\/2014\/11\/terlinden-lambion-strauven-beaumont-a-demeure-10-68x97.jpg\" class=\"attachment-thumbnail size-thumbnail\" alt=\"\" srcset=\"https:\/\/www.a-demeure.org\/production\/wp-content\/uploads\/2014\/11\/terlinden-lambion-strauven-beaumont-a-demeure-10-68x97.jpg 68w, https:\/\/www.a-demeure.org\/production\/wp-content\/uploads\/2014\/11\/terlinden-lambion-strauven-beaumont-a-demeure-10-212x300.jpg 212w, https:\/\/www.a-demeure.org\/production\/wp-content\/uploads\/2014\/11\/terlinden-lambion-strauven-beaumont-a-demeure-10-624x882.jpg 624w, https:\/\/www.a-demeure.org\/production\/wp-content\/uploads\/2014\/11\/terlinden-lambion-strauven-beaumont-a-demeure-10.jpg 724w\" sizes=\"auto, (max-width: 67px) 100vw, 67px\" \/><\/a>\n\t\t\t<\/dt><\/dl><dl class='gallery-item'>\n\t\t\t<dt class='gallery-icon portrait'>\n\t\t\t\t<a href='https:\/\/www.a-demeure.org\/production\/wp-content\/uploads\/2014\/11\/terlinden-lambion-strauven-beaumont-a-demeure-9.jpg'><img loading=\"lazy\" decoding=\"async\" width=\"67\" height=\"95\" src=\"https:\/\/www.a-demeure.org\/production\/wp-content\/uploads\/2014\/11\/terlinden-lambion-strauven-beaumont-a-demeure-9-68x97.jpg\" class=\"attachment-thumbnail size-thumbnail\" alt=\"\" srcset=\"https:\/\/www.a-demeure.org\/production\/wp-content\/uploads\/2014\/11\/terlinden-lambion-strauven-beaumont-a-demeure-9-68x97.jpg 68w, https:\/\/www.a-demeure.org\/production\/wp-content\/uploads\/2014\/11\/terlinden-lambion-strauven-beaumont-a-demeure-9-212x300.jpg 212w, https:\/\/www.a-demeure.org\/production\/wp-content\/uploads\/2014\/11\/terlinden-lambion-strauven-beaumont-a-demeure-9-624x882.jpg 624w, https:\/\/www.a-demeure.org\/production\/wp-content\/uploads\/2014\/11\/terlinden-lambion-strauven-beaumont-a-demeure-9.jpg 724w\" sizes=\"auto, (max-width: 67px) 100vw, 67px\" \/><\/a>\n\t\t\t<\/dt><\/dl><dl class='gallery-item'>\n\t\t\t<dt class='gallery-icon portrait'>\n\t\t\t\t<a href='https:\/\/www.a-demeure.org\/production\/wp-content\/uploads\/2014\/11\/terlinden-lambion-strauven-beaumont-a-demeure-8.jpg'><img loading=\"lazy\" decoding=\"async\" width=\"67\" height=\"95\" src=\"https:\/\/www.a-demeure.org\/production\/wp-content\/uploads\/2014\/11\/terlinden-lambion-strauven-beaumont-a-demeure-8-68x97.jpg\" class=\"attachment-thumbnail size-thumbnail\" alt=\"\" srcset=\"https:\/\/www.a-demeure.org\/production\/wp-content\/uploads\/2014\/11\/terlinden-lambion-strauven-beaumont-a-demeure-8-68x97.jpg 68w, https:\/\/www.a-demeure.org\/production\/wp-content\/uploads\/2014\/11\/terlinden-lambion-strauven-beaumont-a-demeure-8-212x300.jpg 212w, https:\/\/www.a-demeure.org\/production\/wp-content\/uploads\/2014\/11\/terlinden-lambion-strauven-beaumont-a-demeure-8-624x882.jpg 624w, https:\/\/www.a-demeure.org\/production\/wp-content\/uploads\/2014\/11\/terlinden-lambion-strauven-beaumont-a-demeure-8.jpg 724w\" sizes=\"auto, (max-width: 67px) 100vw, 67px\" \/><\/a>\n\t\t\t<\/dt><\/dl><br style=\"clear: both\" \/><dl class='gallery-item'>\n\t\t\t<dt class='gallery-icon portrait'>\n\t\t\t\t<a href='https:\/\/www.a-demeure.org\/production\/wp-content\/uploads\/2014\/11\/terlinden-lambion-strauven-beaumont-a-demeure-6.jpg'><img loading=\"lazy\" decoding=\"async\" width=\"67\" height=\"95\" src=\"https:\/\/www.a-demeure.org\/production\/wp-content\/uploads\/2014\/11\/terlinden-lambion-strauven-beaumont-a-demeure-6-68x97.jpg\" class=\"attachment-thumbnail size-thumbnail\" alt=\"\" srcset=\"https:\/\/www.a-demeure.org\/production\/wp-content\/uploads\/2014\/11\/terlinden-lambion-strauven-beaumont-a-demeure-6-68x97.jpg 68w, https:\/\/www.a-demeure.org\/production\/wp-content\/uploads\/2014\/11\/terlinden-lambion-strauven-beaumont-a-demeure-6-212x300.jpg 212w, https:\/\/www.a-demeure.org\/production\/wp-content\/uploads\/2014\/11\/terlinden-lambion-strauven-beaumont-a-demeure-6-624x882.jpg 624w, https:\/\/www.a-demeure.org\/production\/wp-content\/uploads\/2014\/11\/terlinden-lambion-strauven-beaumont-a-demeure-6.jpg 724w\" sizes=\"auto, (max-width: 67px) 100vw, 67px\" \/><\/a>\n\t\t\t<\/dt><\/dl><dl class='gallery-item'>\n\t\t\t<dt class='gallery-icon portrait'>\n\t\t\t\t<a href='https:\/\/www.a-demeure.org\/production\/wp-content\/uploads\/2014\/11\/terlinden-lambion-strauven-beaumont-a-demeure-7.jpg'><img loading=\"lazy\" decoding=\"async\" width=\"67\" height=\"95\" src=\"https:\/\/www.a-demeure.org\/production\/wp-content\/uploads\/2014\/11\/terlinden-lambion-strauven-beaumont-a-demeure-7-68x97.jpg\" class=\"attachment-thumbnail size-thumbnail\" alt=\"\" srcset=\"https:\/\/www.a-demeure.org\/production\/wp-content\/uploads\/2014\/11\/terlinden-lambion-strauven-beaumont-a-demeure-7-68x97.jpg 68w, https:\/\/www.a-demeure.org\/production\/wp-content\/uploads\/2014\/11\/terlinden-lambion-strauven-beaumont-a-demeure-7-212x300.jpg 212w, https:\/\/www.a-demeure.org\/production\/wp-content\/uploads\/2014\/11\/terlinden-lambion-strauven-beaumont-a-demeure-7-624x882.jpg 624w, https:\/\/www.a-demeure.org\/production\/wp-content\/uploads\/2014\/11\/terlinden-lambion-strauven-beaumont-a-demeure-7.jpg 724w\" sizes=\"auto, (max-width: 67px) 100vw, 67px\" \/><\/a>\n\t\t\t<\/dt><\/dl><dl class='gallery-item'>\n\t\t\t<dt class='gallery-icon portrait'>\n\t\t\t\t<a href='https:\/\/www.a-demeure.org\/production\/wp-content\/uploads\/2014\/11\/terlinden-lambion-strauven-beaumont-a-demeure-5.jpg'><img loading=\"lazy\" decoding=\"async\" width=\"67\" height=\"95\" src=\"https:\/\/www.a-demeure.org\/production\/wp-content\/uploads\/2014\/11\/terlinden-lambion-strauven-beaumont-a-demeure-5-68x97.jpg\" class=\"attachment-thumbnail size-thumbnail\" alt=\"\" srcset=\"https:\/\/www.a-demeure.org\/production\/wp-content\/uploads\/2014\/11\/terlinden-lambion-strauven-beaumont-a-demeure-5-68x97.jpg 68w, https:\/\/www.a-demeure.org\/production\/wp-content\/uploads\/2014\/11\/terlinden-lambion-strauven-beaumont-a-demeure-5-212x300.jpg 212w, https:\/\/www.a-demeure.org\/production\/wp-content\/uploads\/2014\/11\/terlinden-lambion-strauven-beaumont-a-demeure-5-624x882.jpg 624w, https:\/\/www.a-demeure.org\/production\/wp-content\/uploads\/2014\/11\/terlinden-lambion-strauven-beaumont-a-demeure-5.jpg 724w\" sizes=\"auto, (max-width: 67px) 100vw, 67px\" \/><\/a>\n\t\t\t<\/dt><\/dl><dl class='gallery-item'>\n\t\t\t<dt class='gallery-icon portrait'>\n\t\t\t\t<a href='https:\/\/www.a-demeure.org\/production\/wp-content\/uploads\/2014\/11\/terlinden-lambion-strauven-beaumont-a-demeure-4.jpg'><img loading=\"lazy\" decoding=\"async\" width=\"69\" height=\"95\" src=\"https:\/\/www.a-demeure.org\/production\/wp-content\/uploads\/2014\/11\/terlinden-lambion-strauven-beaumont-a-demeure-4-70x97.jpg\" class=\"attachment-thumbnail size-thumbnail\" alt=\"\" srcset=\"https:\/\/www.a-demeure.org\/production\/wp-content\/uploads\/2014\/11\/terlinden-lambion-strauven-beaumont-a-demeure-4-70x97.jpg 70w, https:\/\/www.a-demeure.org\/production\/wp-content\/uploads\/2014\/11\/terlinden-lambion-strauven-beaumont-a-demeure-4-216x300.jpg 216w, https:\/\/www.a-demeure.org\/production\/wp-content\/uploads\/2014\/11\/terlinden-lambion-strauven-beaumont-a-demeure-4-624x863.jpg 624w, https:\/\/www.a-demeure.org\/production\/wp-content\/uploads\/2014\/11\/terlinden-lambion-strauven-beaumont-a-demeure-4.jpg 740w\" sizes=\"auto, (max-width: 69px) 100vw, 69px\" \/><\/a>\n\t\t\t<\/dt><\/dl><br style=\"clear: both\" \/><dl class='gallery-item'>\n\t\t\t<dt class='gallery-icon portrait'>\n\t\t\t\t<a href='https:\/\/www.a-demeure.org\/production\/wp-content\/uploads\/2014\/11\/terlinden-lambion-strauven-beaumont-a-demeure-3.jpg'><img loading=\"lazy\" decoding=\"async\" width=\"67\" height=\"95\" src=\"https:\/\/www.a-demeure.org\/production\/wp-content\/uploads\/2014\/11\/terlinden-lambion-strauven-beaumont-a-demeure-3-68x97.jpg\" class=\"attachment-thumbnail size-thumbnail\" alt=\"\" srcset=\"https:\/\/www.a-demeure.org\/production\/wp-content\/uploads\/2014\/11\/terlinden-lambion-strauven-beaumont-a-demeure-3-68x97.jpg 68w, https:\/\/www.a-demeure.org\/production\/wp-content\/uploads\/2014\/11\/terlinden-lambion-strauven-beaumont-a-demeure-3-212x300.jpg 212w, https:\/\/www.a-demeure.org\/production\/wp-content\/uploads\/2014\/11\/terlinden-lambion-strauven-beaumont-a-demeure-3-624x882.jpg 624w, https:\/\/www.a-demeure.org\/production\/wp-content\/uploads\/2014\/11\/terlinden-lambion-strauven-beaumont-a-demeure-3.jpg 724w\" sizes=\"auto, (max-width: 67px) 100vw, 67px\" \/><\/a>\n\t\t\t<\/dt><\/dl>\n\t\t\t<br style='clear: both' \/>\n\t\t<\/div>\n\n\n\t\t<style type=\"text\/css\">\n\t\t\t#gallery-2 {\n\t\t\t\tmargin: auto;\n\t\t\t}\n\t\t\t#gallery-2 .gallery-item {\n\t\t\t\tfloat: left;\n\t\t\t\tmargin-top: 10px;\n\t\t\t\ttext-align: center;\n\t\t\t\twidth: 25%;\n\t\t\t}\n\t\t\t#gallery-2 img {\n\t\t\t\tborder: 2px solid #cfcfcf;\n\t\t\t}\n\t\t\t#gallery-2 .gallery-caption {\n\t\t\t\tmargin-left: 0;\n\t\t\t}\n\t\t\t\/* see gallery_shortcode() in wp-includes\/media.php *\/\n\t\t<\/style>\n\t\t<div id='gallery-2' class='gallery galleryid-158 gallery-columns-4 gallery-size-thumbnail'><dl class='gallery-item'>\n\t\t\t<dt class='gallery-icon landscape'>\n\t\t\t\t<a href='https:\/\/www.a-demeure.org\/production\/wp-content\/uploads\/2014\/11\/terlinden-lambion-strauven-beaumont-a-demeure-11.jpg'><img loading=\"lazy\" decoding=\"async\" width=\"142\" height=\"95\" src=\"https:\/\/www.a-demeure.org\/production\/wp-content\/uploads\/2014\/11\/terlinden-lambion-strauven-beaumont-a-demeure-11-145x97.jpg\" class=\"attachment-thumbnail size-thumbnail\" alt=\"\" srcset=\"https:\/\/www.a-demeure.org\/production\/wp-content\/uploads\/2014\/11\/terlinden-lambion-strauven-beaumont-a-demeure-11-145x97.jpg 145w, https:\/\/www.a-demeure.org\/production\/wp-content\/uploads\/2014\/11\/terlinden-lambion-strauven-beaumont-a-demeure-11-300x200.jpg 300w, https:\/\/www.a-demeure.org\/production\/wp-content\/uploads\/2014\/11\/terlinden-lambion-strauven-beaumont-a-demeure-11-624x416.jpg 624w, https:\/\/www.a-demeure.org\/production\/wp-content\/uploads\/2014\/11\/terlinden-lambion-strauven-beaumont-a-demeure-11.jpg 1024w\" sizes=\"auto, (max-width: 142px) 100vw, 142px\" \/><\/a>\n\t\t\t<\/dt><\/dl><dl class='gallery-item'>\n\t\t\t<dt class='gallery-icon landscape'>\n\t\t\t\t<a href='https:\/\/www.a-demeure.org\/production\/wp-content\/uploads\/2014\/11\/terlinden-lambion-strauven-beaumont-a-demeure-2.jpg'><img loading=\"lazy\" decoding=\"async\" width=\"142\" height=\"95\" src=\"https:\/\/www.a-demeure.org\/production\/wp-content\/uploads\/2014\/11\/terlinden-lambion-strauven-beaumont-a-demeure-2-145x97.jpg\" class=\"attachment-thumbnail size-thumbnail\" alt=\"\" srcset=\"https:\/\/www.a-demeure.org\/production\/wp-content\/uploads\/2014\/11\/terlinden-lambion-strauven-beaumont-a-demeure-2-145x97.jpg 145w, https:\/\/www.a-demeure.org\/production\/wp-content\/uploads\/2014\/11\/terlinden-lambion-strauven-beaumont-a-demeure-2-300x200.jpg 300w, https:\/\/www.a-demeure.org\/production\/wp-content\/uploads\/2014\/11\/terlinden-lambion-strauven-beaumont-a-demeure-2-624x416.jpg 624w, https:\/\/www.a-demeure.org\/production\/wp-content\/uploads\/2014\/11\/terlinden-lambion-strauven-beaumont-a-demeure-2.jpg 1024w\" sizes=\"auto, (max-width: 142px) 100vw, 142px\" \/><\/a>\n\t\t\t<\/dt><\/dl><dl class='gallery-item'>\n\t\t\t<dt class='gallery-icon landscape'>\n\t\t\t\t<a href='https:\/\/www.a-demeure.org\/production\/wp-content\/uploads\/2014\/11\/terlinden-lambion-strauven-beaumont-a-demeure-13.jpg'><img loading=\"lazy\" decoding=\"async\" width=\"142\" height=\"95\" src=\"https:\/\/www.a-demeure.org\/production\/wp-content\/uploads\/2014\/11\/terlinden-lambion-strauven-beaumont-a-demeure-13-145x97.jpg\" class=\"attachment-thumbnail size-thumbnail\" alt=\"\" srcset=\"https:\/\/www.a-demeure.org\/production\/wp-content\/uploads\/2014\/11\/terlinden-lambion-strauven-beaumont-a-demeure-13-145x97.jpg 145w, https:\/\/www.a-demeure.org\/production\/wp-content\/uploads\/2014\/11\/terlinden-lambion-strauven-beaumont-a-demeure-13-300x200.jpg 300w, https:\/\/www.a-demeure.org\/production\/wp-content\/uploads\/2014\/11\/terlinden-lambion-strauven-beaumont-a-demeure-13-624x416.jpg 624w, https:\/\/www.a-demeure.org\/production\/wp-content\/uploads\/2014\/11\/terlinden-lambion-strauven-beaumont-a-demeure-13.jpg 1024w\" sizes=\"auto, (max-width: 142px) 100vw, 142px\" \/><\/a>\n\t\t\t<\/dt><\/dl><dl class='gallery-item'>\n\t\t\t<dt class='gallery-icon landscape'>\n\t\t\t\t<a href='https:\/\/www.a-demeure.org\/production\/wp-content\/uploads\/2014\/11\/terlinden-lambion-strauven-beaumont-a-demeure-15.jpg'><img loading=\"lazy\" decoding=\"async\" width=\"142\" height=\"95\" src=\"https:\/\/www.a-demeure.org\/production\/wp-content\/uploads\/2014\/11\/terlinden-lambion-strauven-beaumont-a-demeure-15-145x97.jpg\" class=\"attachment-thumbnail size-thumbnail\" alt=\"\" srcset=\"https:\/\/www.a-demeure.org\/production\/wp-content\/uploads\/2014\/11\/terlinden-lambion-strauven-beaumont-a-demeure-15-145x97.jpg 145w, https:\/\/www.a-demeure.org\/production\/wp-content\/uploads\/2014\/11\/terlinden-lambion-strauven-beaumont-a-demeure-15-300x200.jpg 300w, https:\/\/www.a-demeure.org\/production\/wp-content\/uploads\/2014\/11\/terlinden-lambion-strauven-beaumont-a-demeure-15-624x416.jpg 624w, https:\/\/www.a-demeure.org\/production\/wp-content\/uploads\/2014\/11\/terlinden-lambion-strauven-beaumont-a-demeure-15.jpg 1024w\" sizes=\"auto, (max-width: 142px) 100vw, 142px\" \/><\/a>\n\t\t\t<\/dt><\/dl><br style=\"clear: both\" \/><dl class='gallery-item'>\n\t\t\t<dt class='gallery-icon landscape'>\n\t\t\t\t<a href='https:\/\/www.a-demeure.org\/production\/wp-content\/uploads\/2014\/11\/terlinden-lambion-strauven-beaumont-a-demeure-14.jpg'><img loading=\"lazy\" decoding=\"async\" width=\"142\" height=\"95\" src=\"https:\/\/www.a-demeure.org\/production\/wp-content\/uploads\/2014\/11\/terlinden-lambion-strauven-beaumont-a-demeure-14-145x97.jpg\" class=\"attachment-thumbnail size-thumbnail\" alt=\"\" srcset=\"https:\/\/www.a-demeure.org\/production\/wp-content\/uploads\/2014\/11\/terlinden-lambion-strauven-beaumont-a-demeure-14-145x97.jpg 145w, https:\/\/www.a-demeure.org\/production\/wp-content\/uploads\/2014\/11\/terlinden-lambion-strauven-beaumont-a-demeure-14-300x200.jpg 300w, https:\/\/www.a-demeure.org\/production\/wp-content\/uploads\/2014\/11\/terlinden-lambion-strauven-beaumont-a-demeure-14-624x416.jpg 624w, https:\/\/www.a-demeure.org\/production\/wp-content\/uploads\/2014\/11\/terlinden-lambion-strauven-beaumont-a-demeure-14.jpg 1024w\" sizes=\"auto, (max-width: 142px) 100vw, 142px\" \/><\/a>\n\t\t\t<\/dt><\/dl><dl class='gallery-item'>\n\t\t\t<dt class='gallery-icon landscape'>\n\t\t\t\t<a href='https:\/\/www.a-demeure.org\/production\/wp-content\/uploads\/2014\/11\/terlinden-lambion-strauven-beaumont-a-demeure-16.jpg'><img loading=\"lazy\" decoding=\"async\" width=\"142\" height=\"95\" src=\"https:\/\/www.a-demeure.org\/production\/wp-content\/uploads\/2014\/11\/terlinden-lambion-strauven-beaumont-a-demeure-16-145x97.jpg\" class=\"attachment-thumbnail size-thumbnail\" alt=\"\" srcset=\"https:\/\/www.a-demeure.org\/production\/wp-content\/uploads\/2014\/11\/terlinden-lambion-strauven-beaumont-a-demeure-16-145x97.jpg 145w, https:\/\/www.a-demeure.org\/production\/wp-content\/uploads\/2014\/11\/terlinden-lambion-strauven-beaumont-a-demeure-16-300x200.jpg 300w, https:\/\/www.a-demeure.org\/production\/wp-content\/uploads\/2014\/11\/terlinden-lambion-strauven-beaumont-a-demeure-16-624x416.jpg 624w, https:\/\/www.a-demeure.org\/production\/wp-content\/uploads\/2014\/11\/terlinden-lambion-strauven-beaumont-a-demeure-16.jpg 1024w\" sizes=\"auto, (max-width: 142px) 100vw, 142px\" \/><\/a>\n\t\t\t<\/dt><\/dl><dl class='gallery-item'>\n\t\t\t<dt class='gallery-icon landscape'>\n\t\t\t\t<a href='https:\/\/www.a-demeure.org\/production\/wp-content\/uploads\/2014\/11\/terlinden-lambion-strauven-beaumont-a-demeure-17.jpg'><img loading=\"lazy\" decoding=\"async\" width=\"142\" height=\"95\" src=\"https:\/\/www.a-demeure.org\/production\/wp-content\/uploads\/2014\/11\/terlinden-lambion-strauven-beaumont-a-demeure-17-145x97.jpg\" class=\"attachment-thumbnail size-thumbnail\" alt=\"\" srcset=\"https:\/\/www.a-demeure.org\/production\/wp-content\/uploads\/2014\/11\/terlinden-lambion-strauven-beaumont-a-demeure-17-145x97.jpg 145w, https:\/\/www.a-demeure.org\/production\/wp-content\/uploads\/2014\/11\/terlinden-lambion-strauven-beaumont-a-demeure-17-300x200.jpg 300w, https:\/\/www.a-demeure.org\/production\/wp-content\/uploads\/2014\/11\/terlinden-lambion-strauven-beaumont-a-demeure-17-624x416.jpg 624w, https:\/\/www.a-demeure.org\/production\/wp-content\/uploads\/2014\/11\/terlinden-lambion-strauven-beaumont-a-demeure-17.jpg 1024w\" sizes=\"auto, (max-width: 142px) 100vw, 142px\" \/><\/a>\n\t\t\t<\/dt><\/dl><dl class='gallery-item'>\n\t\t\t<dt class='gallery-icon landscape'>\n\t\t\t\t<a href='https:\/\/www.a-demeure.org\/production\/wp-content\/uploads\/2014\/11\/terlinden-lambion-strauven-beaumont-a-demeure-19.jpg'><img loading=\"lazy\" decoding=\"async\" width=\"142\" height=\"95\" src=\"https:\/\/www.a-demeure.org\/production\/wp-content\/uploads\/2014\/11\/terlinden-lambion-strauven-beaumont-a-demeure-19-145x97.jpg\" class=\"attachment-thumbnail size-thumbnail\" alt=\"\" srcset=\"https:\/\/www.a-demeure.org\/production\/wp-content\/uploads\/2014\/11\/terlinden-lambion-strauven-beaumont-a-demeure-19-145x97.jpg 145w, https:\/\/www.a-demeure.org\/production\/wp-content\/uploads\/2014\/11\/terlinden-lambion-strauven-beaumont-a-demeure-19-300x200.jpg 300w, https:\/\/www.a-demeure.org\/production\/wp-content\/uploads\/2014\/11\/terlinden-lambion-strauven-beaumont-a-demeure-19-624x416.jpg 624w, https:\/\/www.a-demeure.org\/production\/wp-content\/uploads\/2014\/11\/terlinden-lambion-strauven-beaumont-a-demeure-19.jpg 1024w\" sizes=\"auto, (max-width: 142px) 100vw, 142px\" \/><\/a>\n\t\t\t<\/dt><\/dl><br style=\"clear: both\" \/><dl class='gallery-item'>\n\t\t\t<dt class='gallery-icon portrait'>\n\t\t\t\t<a href='https:\/\/www.a-demeure.org\/production\/wp-content\/uploads\/2014\/11\/terlinden-lambion-strauven-beaumont-a-demeure-12.jpg'><img loading=\"lazy\" decoding=\"async\" width=\"71\" height=\"95\" src=\"https:\/\/www.a-demeure.org\/production\/wp-content\/uploads\/2014\/11\/terlinden-lambion-strauven-beaumont-a-demeure-12-72x97.jpg\" class=\"attachment-thumbnail size-thumbnail\" alt=\"\" srcset=\"https:\/\/www.a-demeure.org\/production\/wp-content\/uploads\/2014\/11\/terlinden-lambion-strauven-beaumont-a-demeure-12-72x97.jpg 72w, https:\/\/www.a-demeure.org\/production\/wp-content\/uploads\/2014\/11\/terlinden-lambion-strauven-beaumont-a-demeure-12-225x300.jpg 225w, https:\/\/www.a-demeure.org\/production\/wp-content\/uploads\/2014\/11\/terlinden-lambion-strauven-beaumont-a-demeure-12-624x832.jpg 624w, https:\/\/www.a-demeure.org\/production\/wp-content\/uploads\/2014\/11\/terlinden-lambion-strauven-beaumont-a-demeure-12.jpg 768w\" sizes=\"auto, (max-width: 71px) 100vw, 71px\" \/><\/a>\n\t\t\t<\/dt><\/dl><dl class='gallery-item'>\n\t\t\t<dt class='gallery-icon portrait'>\n\t\t\t\t<a href='https:\/\/www.a-demeure.org\/production\/wp-content\/uploads\/2014\/11\/terlinden-lambion-strauven-beaumont-a-demeure-18.jpg'><img loading=\"lazy\" decoding=\"async\" width=\"63\" height=\"95\" src=\"https:\/\/www.a-demeure.org\/production\/wp-content\/uploads\/2014\/11\/terlinden-lambion-strauven-beaumont-a-demeure-18-64x97.jpg\" class=\"attachment-thumbnail size-thumbnail\" alt=\"\" srcset=\"https:\/\/www.a-demeure.org\/production\/wp-content\/uploads\/2014\/11\/terlinden-lambion-strauven-beaumont-a-demeure-18-64x97.jpg 64w, https:\/\/www.a-demeure.org\/production\/wp-content\/uploads\/2014\/11\/terlinden-lambion-strauven-beaumont-a-demeure-18-200x300.jpg 200w, https:\/\/www.a-demeure.org\/production\/wp-content\/uploads\/2014\/11\/terlinden-lambion-strauven-beaumont-a-demeure-18-624x935.jpg 624w, https:\/\/www.a-demeure.org\/production\/wp-content\/uploads\/2014\/11\/terlinden-lambion-strauven-beaumont-a-demeure-18.jpg 683w\" sizes=\"auto, (max-width: 63px) 100vw, 63px\" \/><\/a>\n\t\t\t<\/dt><\/dl><dl class='gallery-item'>\n\t\t\t<dt class='gallery-icon portrait'>\n\t\t\t\t<a href='https:\/\/www.a-demeure.org\/production\/wp-content\/uploads\/2014\/11\/terlinden-lambion-strauven-beaumont-a-demeure-20.jpg'><img loading=\"lazy\" decoding=\"async\" width=\"63\" height=\"95\" src=\"https:\/\/www.a-demeure.org\/production\/wp-content\/uploads\/2014\/11\/terlinden-lambion-strauven-beaumont-a-demeure-20-64x97.jpg\" class=\"attachment-thumbnail size-thumbnail\" alt=\"\" srcset=\"https:\/\/www.a-demeure.org\/production\/wp-content\/uploads\/2014\/11\/terlinden-lambion-strauven-beaumont-a-demeure-20-64x97.jpg 64w, https:\/\/www.a-demeure.org\/production\/wp-content\/uploads\/2014\/11\/terlinden-lambion-strauven-beaumont-a-demeure-20-200x300.jpg 200w, https:\/\/www.a-demeure.org\/production\/wp-content\/uploads\/2014\/11\/terlinden-lambion-strauven-beaumont-a-demeure-20-624x935.jpg 624w, https:\/\/www.a-demeure.org\/production\/wp-content\/uploads\/2014\/11\/terlinden-lambion-strauven-beaumont-a-demeure-20.jpg 683w\" sizes=\"auto, (max-width: 63px) 100vw, 63px\" \/><\/a>\n\t\t\t<\/dt><\/dl>\n\t\t\t<br style='clear: both' \/>\n\t\t<\/div>\n\n<p><strong>commanditaires : \u00e9<\/strong><strong>lus de la municipalit\u00e9 de Beaumont et membres de l\u2019association Id\u00e9es pour Beaumont<\/strong><\/p>\n<div>\n<p><strong>soutien : Fondation de France (action Nouveaux commanditaires), minist\u00e8re de la culture et de la communication (DAP \u2013 DRAC Auvergne), Ville de Beaumont<\/strong><b><\/b><\/p>\n<\/div>\n<p><strong>2007<\/strong><\/p>\n","protected":false},"excerpt":{"rendered":"<p>Pietro La municipalit\u00e9 de Beaumont a fait appel \u00e0 Christophe Terlinden et les collectif TILT pour repenser le lien qui unit la ville \u00e0 ses habitants. En 2003, une r\u00e9flexion avait \u00e9t\u00e9 engag\u00e9e sur l\u2019identit\u00e9 de cette commune de l\u2019agglom\u00e9ration clermontoise alors en pleine \u00e9volution\u00a0: construction de logements mixtes, cr\u00e9ation d\u2019un chemin vert et de [&hellip;]<\/p>\n","protected":false},"author":2,"featured_media":1070,"comment_status":"closed","ping_status":"closed","sticky":false,"template":"","format":"standard","meta":{"footnotes":""},"categories":[8,13],"tags":[],"class_list":["post-158","post","type-post","status-publish","format-standard","has-post-thumbnail","hentry","category-en-auvergne-rhone-alpes","category-realisations"],"_links":{"self":[{"href":"https:\/\/www.a-demeure.org\/production\/wp-json\/wp\/v2\/posts\/158","targetHints":{"allow":["GET"]}}],"collection":[{"href":"https:\/\/www.a-demeure.org\/production\/wp-json\/wp\/v2\/posts"}],"about":[{"href":"https:\/\/www.a-demeure.org\/production\/wp-json\/wp\/v2\/types\/post"}],"author":[{"embeddable":true,"href":"https:\/\/www.a-demeure.org\/production\/wp-json\/wp\/v2\/users\/2"}],"replies":[{"embeddable":true,"href":"https:\/\/www.a-demeure.org\/production\/wp-json\/wp\/v2\/comments?post=158"}],"version-history":[{"count":19,"href":"https:\/\/www.a-demeure.org\/production\/wp-json\/wp\/v2\/posts\/158\/revisions"}],"predecessor-version":[{"id":2386,"href":"https:\/\/www.a-demeure.org\/production\/wp-json\/wp\/v2\/posts\/158\/revisions\/2386"}],"wp:featuredmedia":[{"embeddable":true,"href":"https:\/\/www.a-demeure.org\/production\/wp-json\/wp\/v2\/media\/1070"}],"wp:attachment":[{"href":"https:\/\/www.a-demeure.org\/production\/wp-json\/wp\/v2\/media?parent=158"}],"wp:term":[{"taxonomy":"category","embeddable":true,"href":"https:\/\/www.a-demeure.org\/production\/wp-json\/wp\/v2\/categories?post=158"},{"taxonomy":"post_tag","embeddable":true,"href":"https:\/\/www.a-demeure.org\/production\/wp-json\/wp\/v2\/tags?post=158"}],"curies":[{"name":"wp","href":"https:\/\/api.w.org\/{rel}","templated":true}]}}