{"id":1821,"date":"2016-07-01T09:24:23","date_gmt":"2016-07-01T09:24:23","guid":{"rendered":"http:\/\/www.a-demeure.org\/production\/?p=1821"},"modified":"2017-06-29T06:10:32","modified_gmt":"2017-06-29T06:10:32","slug":"mercredi-6-juillet-a-18h30","status":"publish","type":"post","link":"https:\/\/www.a-demeure.org\/production\/mercredi-6-juillet-a-18h30\/","title":{"rendered":"Mercredi 6 juillet 2016"},"content":{"rendered":"<h1><span style=\"color: #000000; font-size: 18pt;\">Rencontre avec George Trakas<br \/>\n\u00e9glise de Lamelouze (Gard)<\/span><\/h1>\n<p style=\"text-align: justify;\">George Trakas est un artiste nord-am\u00e9ricain, il parlera de sa pratique artistique depuis les ann\u00e9es soixante-dix et pr\u00e9sentera son \u00e9tude, ses esquisses r\u00e9alis\u00e9es pendant son s\u00e9jour de recherche \u00e0 Lamelouze, sa perception du lieu et son histoire.<\/p>\n<p style=\"text-align: justify;\"><em>Cette restitution est co-organis\u00e9e par les associations Sentiers et \u00c0 demeure <\/em><br \/>\n<em>dans le cadre de l\u2019action Nouveaux commanditaires initi\u00e9e par la Fondation de France.<\/em><\/p>\n\n\t\t<style type=\"text\/css\">\n\t\t\t#gallery-1 {\n\t\t\t\tmargin: auto;\n\t\t\t}\n\t\t\t#gallery-1 .gallery-item {\n\t\t\t\tfloat: left;\n\t\t\t\tmargin-top: 10px;\n\t\t\t\ttext-align: center;\n\t\t\t\twidth: 25%;\n\t\t\t}\n\t\t\t#gallery-1 img {\n\t\t\t\tborder: 2px solid #cfcfcf;\n\t\t\t}\n\t\t\t#gallery-1 .gallery-caption {\n\t\t\t\tmargin-left: 0;\n\t\t\t}\n\t\t\t\/* see gallery_shortcode() in wp-includes\/media.php *\/\n\t\t<\/style>\n\t\t<div id='gallery-1' class='gallery galleryid-1821 gallery-columns-4 gallery-size-thumbnail'><dl class='gallery-item'>\n\t\t\t<dt class='gallery-icon portrait'>\n\t\t\t\t<a href='https:\/\/www.a-demeure.org\/production\/wp-content\/uploads\/2016\/07\/george-trakas-lamelouze-a-demeure-1.jpg'><img loading=\"lazy\" decoding=\"async\" width=\"79\" height=\"95\" src=\"https:\/\/www.a-demeure.org\/production\/wp-content\/uploads\/2016\/07\/george-trakas-lamelouze-a-demeure-1-79x95.jpg\" class=\"attachment-thumbnail size-thumbnail\" alt=\"\" srcset=\"https:\/\/www.a-demeure.org\/production\/wp-content\/uploads\/2016\/07\/george-trakas-lamelouze-a-demeure-1-79x95.jpg 79w, https:\/\/www.a-demeure.org\/production\/wp-content\/uploads\/2016\/07\/george-trakas-lamelouze-a-demeure-1-250x300.jpg 250w, https:\/\/www.a-demeure.org\/production\/wp-content\/uploads\/2016\/07\/george-trakas-lamelouze-a-demeure-1-624x746.jpg 624w, https:\/\/www.a-demeure.org\/production\/wp-content\/uploads\/2016\/07\/george-trakas-lamelouze-a-demeure-1.jpg 856w\" sizes=\"auto, (max-width: 79px) 100vw, 79px\" \/><\/a>\n\t\t\t<\/dt><\/dl><dl class='gallery-item'>\n\t\t\t<dt class='gallery-icon portrait'>\n\t\t\t\t<a href='https:\/\/www.a-demeure.org\/production\/wp-content\/uploads\/2016\/07\/george-trakas-lamelouze-a-demeure-2.jpg'><img loading=\"lazy\" decoding=\"async\" width=\"79\" height=\"95\" src=\"https:\/\/www.a-demeure.org\/production\/wp-content\/uploads\/2016\/07\/george-trakas-lamelouze-a-demeure-2-79x95.jpg\" class=\"attachment-thumbnail size-thumbnail\" alt=\"\" srcset=\"https:\/\/www.a-demeure.org\/production\/wp-content\/uploads\/2016\/07\/george-trakas-lamelouze-a-demeure-2-79x95.jpg 79w, https:\/\/www.a-demeure.org\/production\/wp-content\/uploads\/2016\/07\/george-trakas-lamelouze-a-demeure-2-251x300.jpg 251w, https:\/\/www.a-demeure.org\/production\/wp-content\/uploads\/2016\/07\/george-trakas-lamelouze-a-demeure-2-624x744.jpg 624w, https:\/\/www.a-demeure.org\/production\/wp-content\/uploads\/2016\/07\/george-trakas-lamelouze-a-demeure-2.jpg 858w\" sizes=\"auto, (max-width: 79px) 100vw, 79px\" \/><\/a>\n\t\t\t<\/dt><\/dl><dl class='gallery-item'>\n\t\t\t<dt class='gallery-icon portrait'>\n\t\t\t\t<a href='https:\/\/www.a-demeure.org\/production\/wp-content\/uploads\/2016\/07\/george-trakas-lamelouze-a-demeure-3.jpg'><img loading=\"lazy\" decoding=\"async\" width=\"80\" height=\"95\" src=\"https:\/\/www.a-demeure.org\/production\/wp-content\/uploads\/2016\/07\/george-trakas-lamelouze-a-demeure-3-80x95.jpg\" class=\"attachment-thumbnail size-thumbnail\" alt=\"\" srcset=\"https:\/\/www.a-demeure.org\/production\/wp-content\/uploads\/2016\/07\/george-trakas-lamelouze-a-demeure-3-80x95.jpg 80w, https:\/\/www.a-demeure.org\/production\/wp-content\/uploads\/2016\/07\/george-trakas-lamelouze-a-demeure-3-252x300.jpg 252w, https:\/\/www.a-demeure.org\/production\/wp-content\/uploads\/2016\/07\/george-trakas-lamelouze-a-demeure-3-624x740.jpg 624w, https:\/\/www.a-demeure.org\/production\/wp-content\/uploads\/2016\/07\/george-trakas-lamelouze-a-demeure-3.jpg 862w\" sizes=\"auto, (max-width: 80px) 100vw, 80px\" \/><\/a>\n\t\t\t<\/dt><\/dl>\n\t\t\t<br style='clear: both' \/>\n\t\t<\/div>\n\n","protected":false},"excerpt":{"rendered":"<p>Rencontre avec George Trakas \u00e9glise de Lamelouze (Gard) George Trakas est un artiste nord-am\u00e9ricain, il parlera de sa pratique artistique depuis les ann\u00e9es soixante-dix et pr\u00e9sentera son \u00e9tude, ses esquisses r\u00e9alis\u00e9es pendant son s\u00e9jour de recherche \u00e0 Lamelouze, sa perception du lieu et son histoire. Cette restitution est co-organis\u00e9e par les associations Sentiers et \u00c0 [&hellip;]<\/p>\n","protected":false},"author":2,"featured_media":1826,"comment_status":"closed","ping_status":"closed","sticky":false,"template":"","format":"standard","meta":{"footnotes":""},"categories":[13],"tags":[],"class_list":["post-1821","post","type-post","status-publish","format-standard","has-post-thumbnail","hentry","category-realisations"],"_links":{"self":[{"href":"https:\/\/www.a-demeure.org\/production\/wp-json\/wp\/v2\/posts\/1821","targetHints":{"allow":["GET"]}}],"collection":[{"href":"https:\/\/www.a-demeure.org\/production\/wp-json\/wp\/v2\/posts"}],"about":[{"href":"https:\/\/www.a-demeure.org\/production\/wp-json\/wp\/v2\/types\/post"}],"author":[{"embeddable":true,"href":"https:\/\/www.a-demeure.org\/production\/wp-json\/wp\/v2\/users\/2"}],"replies":[{"embeddable":true,"href":"https:\/\/www.a-demeure.org\/production\/wp-json\/wp\/v2\/comments?post=1821"}],"version-history":[{"count":9,"href":"https:\/\/www.a-demeure.org\/production\/wp-json\/wp\/v2\/posts\/1821\/revisions"}],"predecessor-version":[{"id":1917,"href":"https:\/\/www.a-demeure.org\/production\/wp-json\/wp\/v2\/posts\/1821\/revisions\/1917"}],"wp:featuredmedia":[{"embeddable":true,"href":"https:\/\/www.a-demeure.org\/production\/wp-json\/wp\/v2\/media\/1826"}],"wp:attachment":[{"href":"https:\/\/www.a-demeure.org\/production\/wp-json\/wp\/v2\/media?parent=1821"}],"wp:term":[{"taxonomy":"category","embeddable":true,"href":"https:\/\/www.a-demeure.org\/production\/wp-json\/wp\/v2\/categories?post=1821"},{"taxonomy":"post_tag","embeddable":true,"href":"https:\/\/www.a-demeure.org\/production\/wp-json\/wp\/v2\/tags?post=1821"}],"curies":[{"name":"wp","href":"https:\/\/api.w.org\/{rel}","templated":true}]}}