{"id":1867,"date":"2016-10-05T09:51:57","date_gmt":"2016-10-05T09:51:57","guid":{"rendered":"http:\/\/www.a-demeure.org\/production\/?p=1867"},"modified":"2017-07-06T15:16:17","modified_gmt":"2017-07-06T15:16:17","slug":"jeudi-6-et-vendredi-7-octobre","status":"publish","type":"post","link":"https:\/\/www.a-demeure.org\/production\/jeudi-6-et-vendredi-7-octobre\/","title":{"rendered":"Jeudi 6 et vendredi 7 octobre 2016"},"content":{"rendered":"<h1><span style=\"color: #000000; font-size: 18pt;\"><strong>Pr\u00e9sentation du film et de la publication \u00a0<\/strong><\/span><br \/>\n<span style=\"color: #000000; font-size: 18pt;\"> <strong>co-\u00e9dit\u00e9e par Captures et art3\/Valence <\/strong><\/span><br \/>\n<span style=\"color: #000000; font-size: 18pt;\"> <em><strong>Enqu\u00eate sur le\/notre dehors (Valence-le-Haut) <\/strong><\/em><\/span><br \/>\n<span style=\"color: #000000; font-size: 18pt;\"> <em><strong>&lt; 2007 &#8211; .\u2008.\u2008. &gt; \u00e0 la date du 24 avril 2012<\/strong><\/em><\/span><br \/>\n<span style=\"color: #000000; font-size: 18pt;\"> <strong>Alejandra Riera avec des habitants.e.s <\/strong><\/span><br \/>\n<span style=\"color: #000000; font-size: 18pt;\"> <strong>de la \u00ab zone sensible \u00bb<\/strong><\/span><\/h1>\n<p><span style=\"color: #000000; font-size: 18pt;\"><strong>Centre Pompidou, 6 octobre, 18h30 <\/strong><\/span><br \/>\n<span style=\"color: #000000; font-size: 18pt;\"> <strong>Espace Khiasma, 7 octobre, 19h<\/strong><\/span><\/p>\n<p><a href=\"https:\/\/www.a-demeure.org\/production\/wp-content\/uploads\/2016\/10\/UNE-IMAGE-DE-PENSE\u0301E-COLLECTIVE-beaubourg_VDEF.pdf\">_une-image-de-pensee-collective-beaubourg_vdef<\/a><\/p>\n<p style=\"text-align: justify;\">Initi\u00e9 en 2007, dans le cadre de l\u2019action Nouveaux commanditaires de la Fondation de France, par et avec des habitants.e.s d\u2019un quartier p\u00e9riph\u00e9rique de la ville de Valence (Dr\u00f4me), l\u2019essai <em>Enqu\u00eate sur le\/notre dehors (Valence-le-Haut) &lt; 2007 &#8211; \u2026 &gt;<\/em> \u00e0 la date du 24 avril 2012 bouleverse les images r\u00e9currentes des quartiers en marge des grandes villes et accueille paroles, photographies, pens\u00e9es et gestes dans leurs rapports complexes \u00e0 une \u00e9criture collective et \u00e0 l\u2019histoire.<\/p>\n<p>6 octobre, 18h30\u201322 h, Cin\u00e9ma 2, Centre Pompidou<\/p>\n<p>Projection du film qui l\u2019accompagne sign\u00e9 \u00ab\u00e0 la date du 15 juillet 2012\u00bb\u00a0 (1h50, couleur, N\/B)<br \/>\nPr\u00e9sentation de l\u2019essai : <em>Enqu\u00eate sur le\/notre dehors\u00a0 \u00e0 la date du 24 avril 2012<\/em>.<br \/>\nS\u00e9ance en pr\u00e9sence d\u2019Alejandra Riera, Lotte Arndt, Marine Boulay, Muriel Combes,<br \/>\nNicolas Romarie \u2028et Val\u00e9rie Cudel.<\/p>\n<p>et<\/p>\n<p>7 octobre, 19h, Espace Khiasma, Les Lilas<br \/>\nwww.khiasma.net<\/p>\n<p>Projection du film : <em>Enqu\u00eate sur le\/notre dehors\u00a0 \u00e0 la date du 15 juillet 2012<\/em> (1h50, couleur, N\/B) suivie d\u2019une rencontre autour d\u2019une soupe conviviale. Seront pr\u00e9sents Alejandra Riera, Muriel Combes, Marine Boulay, Lotte Arndt, Olivier Marboeuf, Florent Perrier, Ahmad Qamouch, Simon Quelleihard, Habiba Zerarga, Rachid Zahri et leurs invit\u00e9s.<\/p>\n","protected":false},"excerpt":{"rendered":"<p>Pr\u00e9sentation du film et de la publication \u00a0 co-\u00e9dit\u00e9e par Captures et art3\/Valence Enqu\u00eate sur le\/notre dehors (Valence-le-Haut) &lt; 2007 &#8211; .\u2008.\u2008. &gt; \u00e0 la date du 24 avril 2012 Alejandra Riera avec des habitants.e.s de la \u00ab zone sensible \u00bb Centre Pompidou, 6 octobre, 18h30 Espace Khiasma, 7 octobre, 19h _une-image-de-pensee-collective-beaubourg_vdef Initi\u00e9 en 2007, [&hellip;]<\/p>\n","protected":false},"author":2,"featured_media":1872,"comment_status":"closed","ping_status":"closed","sticky":false,"template":"","format":"standard","meta":{"footnotes":""},"categories":[3,9],"tags":[],"class_list":["post-1867","post","type-post","status-publish","format-standard","has-post-thumbnail","hentry","category-contributions","category-expositions"],"_links":{"self":[{"href":"https:\/\/www.a-demeure.org\/production\/wp-json\/wp\/v2\/posts\/1867","targetHints":{"allow":["GET"]}}],"collection":[{"href":"https:\/\/www.a-demeure.org\/production\/wp-json\/wp\/v2\/posts"}],"about":[{"href":"https:\/\/www.a-demeure.org\/production\/wp-json\/wp\/v2\/types\/post"}],"author":[{"embeddable":true,"href":"https:\/\/www.a-demeure.org\/production\/wp-json\/wp\/v2\/users\/2"}],"replies":[{"embeddable":true,"href":"https:\/\/www.a-demeure.org\/production\/wp-json\/wp\/v2\/comments?post=1867"}],"version-history":[{"count":8,"href":"https:\/\/www.a-demeure.org\/production\/wp-json\/wp\/v2\/posts\/1867\/revisions"}],"predecessor-version":[{"id":1880,"href":"https:\/\/www.a-demeure.org\/production\/wp-json\/wp\/v2\/posts\/1867\/revisions\/1880"}],"wp:featuredmedia":[{"embeddable":true,"href":"https:\/\/www.a-demeure.org\/production\/wp-json\/wp\/v2\/media\/1872"}],"wp:attachment":[{"href":"https:\/\/www.a-demeure.org\/production\/wp-json\/wp\/v2\/media?parent=1867"}],"wp:term":[{"taxonomy":"category","embeddable":true,"href":"https:\/\/www.a-demeure.org\/production\/wp-json\/wp\/v2\/categories?post=1867"},{"taxonomy":"post_tag","embeddable":true,"href":"https:\/\/www.a-demeure.org\/production\/wp-json\/wp\/v2\/tags?post=1867"}],"curies":[{"name":"wp","href":"https:\/\/api.w.org\/{rel}","templated":true}]}}