{"id":1881,"date":"2017-02-20T18:25:04","date_gmt":"2017-02-20T18:25:04","guid":{"rendered":"http:\/\/www.a-demeure.org\/production\/?p=1881"},"modified":"2017-07-06T06:49:26","modified_gmt":"2017-07-06T06:49:26","slug":"mardi-28-fevrier-2017-a-17-heures","status":"publish","type":"post","link":"https:\/\/www.a-demeure.org\/production\/mardi-28-fevrier-2017-a-17-heures\/","title":{"rendered":"Mardi 28 f\u00e9vrier 2017"},"content":{"rendered":"<h1><span style=\"color: #000000; font-size: 18pt;\">Inauguration de<em> L&rsquo;espace entre !<\/em><\/span><\/h1>\n<p><span style=\"font-size: 18pt;\"><strong><span style=\"color: #000000;\">Une oeuvre de Marie-Ange Guilleminot<br \/>\npour le Centre m\u00e9dico-psychologique pour enfants<br \/>\net adolescents de Gaillac<\/span><\/strong><\/span><\/p>\n<p><span style=\"font-size: 12pt;\">CMPEA de Gaillac<\/span><br \/>\n<span style=\"font-size: 12pt;\">11 rue Jean-Fos-de-Laborde<\/span><br \/>\n<span style=\"font-size: 12pt;\">81600 Gaillac<\/span><\/p>\n<p style=\"text-align: justify;\"><span style=\"color: #000000;\"><em><br \/>\n<\/em><\/span><span style=\"color: #000000;\">\u00ab Un(e) artiste pourrait r\u00e9aliser une oeuvre \u00e0 destination des enfants que nous recevons pour introduire un minimum, vital, de d\u00e9sordre qui r\u00e9veille la pens\u00e9e \u00bb.<\/span><\/p>\n<p style=\"text-align: justify;\"><span style=\"color: #000000;\"> Le CMPEA, service extrahospitalier, est \u00e0 l\u2019interface du lien social et du psychisme, du sujet social et du sujet clinique. Lieu de circulation et d\u2019interception des flux du vaste monde, de suspension aussi\u2026<\/span><br \/>\n<span style=\"color: #000000;\"> La salle d\u2019attente ni tout \u00e0 fait dedans, plus tout \u00e0 fait dehors, appara\u00eet alors comme ce lieu interm\u00e9diaire entre le soin proprement dit et le monde ext\u00e9rieur, officiant comme ces antichambres o\u00f9 l\u2019on chuchote avant de dire.<\/span><br \/>\n<span style=\"color: #000000;\"> Si le groupe des commanditaires a initialement identifi\u00e9 la salle d\u2019attente comme espace de l\u2019\u0153uvre \u00e0 venir, la possibilit\u00e9 de d\u00e9border de ce cadre a n\u00e9anmoins \u00e9t\u00e9 envisag\u00e9e. Mobilit\u00e9 et utilisation par l\u2019\u00e9quipe lors des prises en charge individuelles ou de groupe ont \u00e9galement \u00e9t\u00e9 sugg\u00e9r\u00e9es.<\/span><\/p>\n<p>&nbsp;<\/p>\n<p><a href=\"https:\/\/www.a-demeure.org\/production\/wp-content\/uploads\/2017\/02\/dp-marie-ange-guilleminot-gaillac-.pdf\" target=\"_blank\">dossier de presse, f\u00e9vrier 2017 \u2013 pdf<\/a><\/p>\n<p><span style=\"color: #000000;\">\u00a0<\/span><\/p>\n<p><span style=\"color: #000000;\"><strong>commanditaire : CMPEA de Gaillac<\/strong><\/span><br \/>\n<span style=\"color: #000000;\"> <strong> soutien : Fondation de France, Fondation Daniel et Nina Carasso,<br \/>\nFondation Bon Sauveur d\u2019Alby<br \/>\n<\/strong><\/span><\/p>\n<p><strong><span style=\"color: #000000;\">2017<\/span><br \/>\n<\/strong><\/p>\n<p>&nbsp;<\/p>\n<p>&nbsp;<\/p>\n<p><span style=\"color: #000000; font-size: 8pt;\">Photo : Armande Chollat-Namy<\/span><\/p>\n","protected":false},"excerpt":{"rendered":"<p>Inauguration de L&rsquo;espace entre ! Une oeuvre de Marie-Ange Guilleminot pour le Centre m\u00e9dico-psychologique pour enfants et adolescents de Gaillac CMPEA de Gaillac 11 rue Jean-Fos-de-Laborde 81600 Gaillac \u00ab Un(e) artiste pourrait r\u00e9aliser une oeuvre \u00e0 destination des enfants que nous recevons pour introduire un minimum, vital, de d\u00e9sordre qui r\u00e9veille la pens\u00e9e \u00bb. Le [&hellip;]<\/p>\n","protected":false},"author":2,"featured_media":1893,"comment_status":"closed","ping_status":"closed","sticky":false,"template":"","format":"standard","meta":{"footnotes":""},"categories":[7,13],"tags":[],"class_list":["post-1881","post","type-post","status-publish","format-standard","has-post-thumbnail","hentry","category-en-occitanie","category-realisations"],"_links":{"self":[{"href":"https:\/\/www.a-demeure.org\/production\/wp-json\/wp\/v2\/posts\/1881","targetHints":{"allow":["GET"]}}],"collection":[{"href":"https:\/\/www.a-demeure.org\/production\/wp-json\/wp\/v2\/posts"}],"about":[{"href":"https:\/\/www.a-demeure.org\/production\/wp-json\/wp\/v2\/types\/post"}],"author":[{"embeddable":true,"href":"https:\/\/www.a-demeure.org\/production\/wp-json\/wp\/v2\/users\/2"}],"replies":[{"embeddable":true,"href":"https:\/\/www.a-demeure.org\/production\/wp-json\/wp\/v2\/comments?post=1881"}],"version-history":[{"count":26,"href":"https:\/\/www.a-demeure.org\/production\/wp-json\/wp\/v2\/posts\/1881\/revisions"}],"predecessor-version":[{"id":2026,"href":"https:\/\/www.a-demeure.org\/production\/wp-json\/wp\/v2\/posts\/1881\/revisions\/2026"}],"wp:featuredmedia":[{"embeddable":true,"href":"https:\/\/www.a-demeure.org\/production\/wp-json\/wp\/v2\/media\/1893"}],"wp:attachment":[{"href":"https:\/\/www.a-demeure.org\/production\/wp-json\/wp\/v2\/media?parent=1881"}],"wp:term":[{"taxonomy":"category","embeddable":true,"href":"https:\/\/www.a-demeure.org\/production\/wp-json\/wp\/v2\/categories?post=1881"},{"taxonomy":"post_tag","embeddable":true,"href":"https:\/\/www.a-demeure.org\/production\/wp-json\/wp\/v2\/tags?post=1881"}],"curies":[{"name":"wp","href":"https:\/\/api.w.org\/{rel}","templated":true}]}}