{"id":1929,"date":"2017-06-23T12:35:26","date_gmt":"2017-06-23T12:35:26","guid":{"rendered":"http:\/\/www.a-demeure.org\/production\/?p=1929"},"modified":"2017-10-20T08:44:22","modified_gmt":"2017-10-20T08:44:22","slug":"mardi-27-juin-2017","status":"publish","type":"post","link":"https:\/\/www.a-demeure.org\/production\/mardi-27-juin-2017\/","title":{"rendered":"Mardi 27 juin 2017"},"content":{"rendered":"<h1><span style=\"color: #000000; font-size: 18pt;\"><strong>Pr\u00e9sentation des oeuvres de Daniel Buren<br \/>\nr\u00e9alis\u00e9es en r\u00e9ponse \u00e0 la commande des \u00e9quipes<br \/>\ndu Centre hospitalier universitaire de Toulouse<\/strong><\/span><\/h1>\n<h1><span style=\"color: #000000; font-size: 18pt;\"><strong><em>Bayad\u00e8re pour 3 couleurs et 2 bandes blanches<\/em>, travail <em>in situ<br \/>\n10 cadres carr\u00e9s pour un patio<\/em>, travail <em>in situ<\/em><\/strong><\/span><br \/>\n<span style=\"color: #000000; font-size: 18pt;\"> <strong><em> Le Puits de lumi\u00e8re en 5 couleurs et sur 5 \u00e9tages<\/em>, travail <em>in situ<\/em><\/strong><\/span><\/h1>\n<p>Site de Purpan, avenue Jean-Dausset, Toulouse<\/p>\n<p>14h, accueil dans le hall d&rsquo;accueil de l&rsquo;h\u00f4pital Pierre-Paul Riquet<br \/>\n14h15, d\u00e9couverte des oeuvres en pr\u00e9sence de l&rsquo;artiste<br \/>\n15h15, moment de convivialit\u00e9 et d&rsquo;\u00e9changes avec Daniel Buren dans le hall d&rsquo;accueil du b\u00e2timent Urgences-R\u00e9animation-M\u00e9decines<\/p>\n<p>&nbsp;<\/p>\n<p><a href=\"https:\/\/www.a-demeure.org\/production\/wp-content\/uploads\/2017\/06\/daniel-buren-toulouse-a-demeure-invitation-1-.jpg\"><img loading=\"lazy\" decoding=\"async\" class=\"alignnone wp-image-1964 \" src=\"https:\/\/www.a-demeure.org\/production\/wp-content\/uploads\/2017\/06\/daniel-buren-toulouse-a-demeure-invitation-1-.jpg\" alt=\"DanielBuren-invitmail-flash.indd\" width=\"494\" height=\"764\" srcset=\"https:\/\/www.a-demeure.org\/production\/wp-content\/uploads\/2017\/06\/daniel-buren-toulouse-a-demeure-invitation-1-.jpg 800w, https:\/\/www.a-demeure.org\/production\/wp-content\/uploads\/2017\/06\/daniel-buren-toulouse-a-demeure-invitation-1--61x95.jpg 61w, https:\/\/www.a-demeure.org\/production\/wp-content\/uploads\/2017\/06\/daniel-buren-toulouse-a-demeure-invitation-1--194x300.jpg 194w, https:\/\/www.a-demeure.org\/production\/wp-content\/uploads\/2017\/06\/daniel-buren-toulouse-a-demeure-invitation-1--662x1024.jpg 662w, https:\/\/www.a-demeure.org\/production\/wp-content\/uploads\/2017\/06\/daniel-buren-toulouse-a-demeure-invitation-1--624x964.jpg 624w\" sizes=\"auto, (max-width: 494px) 100vw, 494px\" \/><\/a><\/p>\n","protected":false},"excerpt":{"rendered":"<p>Pr\u00e9sentation des oeuvres de Daniel Buren r\u00e9alis\u00e9es en r\u00e9ponse \u00e0 la commande des \u00e9quipes du Centre hospitalier universitaire de Toulouse Bayad\u00e8re pour 3 couleurs et 2 bandes blanches, travail in situ 10 cadres carr\u00e9s pour un patio, travail in situ Le Puits de lumi\u00e8re en 5 couleurs et sur 5 \u00e9tages, travail in situ Site [&hellip;]<\/p>\n","protected":false},"author":2,"featured_media":0,"comment_status":"closed","ping_status":"closed","sticky":false,"template":"","format":"standard","meta":{"footnotes":""},"categories":[13],"tags":[],"class_list":["post-1929","post","type-post","status-publish","format-standard","hentry","category-realisations"],"_links":{"self":[{"href":"https:\/\/www.a-demeure.org\/production\/wp-json\/wp\/v2\/posts\/1929","targetHints":{"allow":["GET"]}}],"collection":[{"href":"https:\/\/www.a-demeure.org\/production\/wp-json\/wp\/v2\/posts"}],"about":[{"href":"https:\/\/www.a-demeure.org\/production\/wp-json\/wp\/v2\/types\/post"}],"author":[{"embeddable":true,"href":"https:\/\/www.a-demeure.org\/production\/wp-json\/wp\/v2\/users\/2"}],"replies":[{"embeddable":true,"href":"https:\/\/www.a-demeure.org\/production\/wp-json\/wp\/v2\/comments?post=1929"}],"version-history":[{"count":9,"href":"https:\/\/www.a-demeure.org\/production\/wp-json\/wp\/v2\/posts\/1929\/revisions"}],"predecessor-version":[{"id":1965,"href":"https:\/\/www.a-demeure.org\/production\/wp-json\/wp\/v2\/posts\/1929\/revisions\/1965"}],"wp:attachment":[{"href":"https:\/\/www.a-demeure.org\/production\/wp-json\/wp\/v2\/media?parent=1929"}],"wp:term":[{"taxonomy":"category","embeddable":true,"href":"https:\/\/www.a-demeure.org\/production\/wp-json\/wp\/v2\/categories?post=1929"},{"taxonomy":"post_tag","embeddable":true,"href":"https:\/\/www.a-demeure.org\/production\/wp-json\/wp\/v2\/tags?post=1929"}],"curies":[{"name":"wp","href":"https:\/\/api.w.org\/{rel}","templated":true}]}}