{"id":1967,"date":"2017-06-23T14:20:37","date_gmt":"2017-06-23T14:20:37","guid":{"rendered":"http:\/\/www.a-demeure.org\/production\/?p=1967"},"modified":"2022-03-23T08:21:32","modified_gmt":"2022-03-23T08:21:32","slug":"george-trakas-a-lamelouze-gard","status":"publish","type":"post","link":"https:\/\/www.a-demeure.org\/production\/george-trakas-a-lamelouze-gard\/","title":{"rendered":"George Trakas \u00e0 Lamelouze (Gard)"},"content":{"rendered":"<p style=\"text-align: justify;\"><span style=\"font-size: 18pt; color: #000000;\"><em><strong>Du sec \u00e0 l&rsquo;eau<\/strong><\/em><\/span><\/p>\n<p>Le village de Lamelouze, situ\u00e9 dans la vall\u00e9e du Galeizon, au nord d\u2019Al\u00e8s, fait partie du Parc national des C\u00e9vennes. Plusieurs associations professionnelles et culturelles y sont implant\u00e9es, avec lesquelles la municipalit\u00e9 entretient un partenariat \u00e9troit.<\/p>\n<p>En 2009, la commune a invit\u00e9 l\u2019association Sentiers \u00e0 mener des exp\u00e9rimentations artistiques sur un terrain communal de 14 hectares situ\u00e9 entre l\u2019\u00e9glise Sainte-C\u00e9cile du XI<sup>e<\/sup> si\u00e8cle et la rivi\u00e8re, le Galeizon. \u00a0L\u2019ancien propri\u00e9taire du terrain avait commenc\u00e9 une exploitation sylvicole et cr\u00e9\u00e9 un arboretum.<\/p>\n<p>\u00c0 l\u2019initiative de plusieurs habitants, l\u2019association Sentiers et la Commune de Lamelouze ont demand\u00e9 \u00e0 Georges Trakas de concevoir une \u0153uvre d\u2019usage pour cet espace qui constitue le seul acc\u00e8s public \u00e0 la rivi\u00e8re. La demande s\u2019inscrit dans un d\u00e9sir de valoriser le terrain et son paysage, sa qualit\u00e9 d\u2019espace commun dans l\u2019organisation g\u00e9ographique et sociale de la commune afin qu\u2019il soit \u00abreconnu\u00bb par tous, des habitants de Lamelouze comme des usagers occasionnels.<\/p>\n<p>Apr\u00e8s une visite en ao\u00fbt 2015, George Trakas \u00e9crit\u00a0: \u00ab\u00a0Je sentais que le projet m\u2019\u00e9tait destin\u00e9. La demande m\u2019avait s\u00e9duite et elle \u00e9tait juste car j\u2019\u00e9tais tomb\u00e9 en amour avec les gens du coin, leur histoire.\u00a0\u00bb<\/p>\n<p>Lors d\u2019un deuxi\u00e8me s\u00e9jour au cours de l\u2019\u00e9t\u00e9 2016 et \u00e0 l\u2019appui de ses premi\u00e8res intuitions et observations, George Trakas propose un trac\u00e9 pour acc\u00e9der au Galeizon ainsi qu\u2019un am\u00e9nagement simple entre l\u2019arboretum et la rivi\u00e8re.<\/p>\n<p>Un <a href=\"https:\/\/www.a-demeure.org\/production\/editions\">carnet d\u2019\u00e9tude<\/a> associant textes et dessins a \u00e9t\u00e9 publi\u00e9 par <a href=\"https:\/\/captures-editions.com\/produit\/du-sec-a-leau\/\">Captures \u00e9ditions<\/a>. Il retrace la r\u00e9flexion de l\u2019artiste &#8211; en lien avec son parcours et ses \u0153uvres r\u00e9alis\u00e9es \u2013, sa d\u00e9marche orient\u00e9e par la dimension humaine des lieux. La s\u00e9lection des dessins par George Trakas et les donn\u00e9es techniques pour la r\u00e9alisation <em>Du sec \u00e0 l\u2019eau<\/em> offrent une approche \u00e0 la fois pragmatique et po\u00e9tique de l\u2019\u0153uvre sollicit\u00e9e.<\/p>\n\n\t\t<style type=\"text\/css\">\n\t\t\t#gallery-1 {\n\t\t\t\tmargin: auto;\n\t\t\t}\n\t\t\t#gallery-1 .gallery-item {\n\t\t\t\tfloat: left;\n\t\t\t\tmargin-top: 10px;\n\t\t\t\ttext-align: center;\n\t\t\t\twidth: 25%;\n\t\t\t}\n\t\t\t#gallery-1 img {\n\t\t\t\tborder: 2px solid #cfcfcf;\n\t\t\t}\n\t\t\t#gallery-1 .gallery-caption {\n\t\t\t\tmargin-left: 0;\n\t\t\t}\n\t\t\t\/* see gallery_shortcode() in wp-includes\/media.php *\/\n\t\t<\/style>\n\t\t<div id='gallery-1' class='gallery galleryid-1967 gallery-columns-4 gallery-size-thumbnail'><dl class='gallery-item'>\n\t\t\t<dt class='gallery-icon portrait'>\n\t\t\t\t<a href='https:\/\/www.a-demeure.org\/production\/wp-content\/uploads\/2017\/06\/george-trakas-lamelouze-a-demeure-1.jpg'><img loading=\"lazy\" decoding=\"async\" width=\"79\" height=\"95\" src=\"https:\/\/www.a-demeure.org\/production\/wp-content\/uploads\/2017\/06\/george-trakas-lamelouze-a-demeure-1-79x95.jpg\" class=\"attachment-thumbnail size-thumbnail\" alt=\"\" srcset=\"https:\/\/www.a-demeure.org\/production\/wp-content\/uploads\/2017\/06\/george-trakas-lamelouze-a-demeure-1-79x95.jpg 79w, https:\/\/www.a-demeure.org\/production\/wp-content\/uploads\/2017\/06\/george-trakas-lamelouze-a-demeure-1-250x300.jpg 250w, https:\/\/www.a-demeure.org\/production\/wp-content\/uploads\/2017\/06\/george-trakas-lamelouze-a-demeure-1-624x746.jpg 624w, https:\/\/www.a-demeure.org\/production\/wp-content\/uploads\/2017\/06\/george-trakas-lamelouze-a-demeure-1.jpg 856w\" sizes=\"auto, (max-width: 79px) 100vw, 79px\" \/><\/a>\n\t\t\t<\/dt><\/dl><dl class='gallery-item'>\n\t\t\t<dt class='gallery-icon portrait'>\n\t\t\t\t<a href='https:\/\/www.a-demeure.org\/production\/wp-content\/uploads\/2017\/06\/george-trakas-lamelouze-a-demeure-2.jpg'><img loading=\"lazy\" decoding=\"async\" width=\"79\" height=\"95\" src=\"https:\/\/www.a-demeure.org\/production\/wp-content\/uploads\/2017\/06\/george-trakas-lamelouze-a-demeure-2-79x95.jpg\" class=\"attachment-thumbnail size-thumbnail\" alt=\"\" srcset=\"https:\/\/www.a-demeure.org\/production\/wp-content\/uploads\/2017\/06\/george-trakas-lamelouze-a-demeure-2-79x95.jpg 79w, https:\/\/www.a-demeure.org\/production\/wp-content\/uploads\/2017\/06\/george-trakas-lamelouze-a-demeure-2-251x300.jpg 251w, https:\/\/www.a-demeure.org\/production\/wp-content\/uploads\/2017\/06\/george-trakas-lamelouze-a-demeure-2-624x744.jpg 624w, https:\/\/www.a-demeure.org\/production\/wp-content\/uploads\/2017\/06\/george-trakas-lamelouze-a-demeure-2.jpg 858w\" sizes=\"auto, (max-width: 79px) 100vw, 79px\" \/><\/a>\n\t\t\t<\/dt><\/dl><dl class='gallery-item'>\n\t\t\t<dt class='gallery-icon portrait'>\n\t\t\t\t<a href='https:\/\/www.a-demeure.org\/production\/wp-content\/uploads\/2017\/06\/george-trakas-lamelouze-a-demeure-3.jpg'><img loading=\"lazy\" decoding=\"async\" width=\"80\" height=\"95\" src=\"https:\/\/www.a-demeure.org\/production\/wp-content\/uploads\/2017\/06\/george-trakas-lamelouze-a-demeure-3-80x95.jpg\" class=\"attachment-thumbnail size-thumbnail\" alt=\"\" srcset=\"https:\/\/www.a-demeure.org\/production\/wp-content\/uploads\/2017\/06\/george-trakas-lamelouze-a-demeure-3-80x95.jpg 80w, https:\/\/www.a-demeure.org\/production\/wp-content\/uploads\/2017\/06\/george-trakas-lamelouze-a-demeure-3-252x300.jpg 252w, https:\/\/www.a-demeure.org\/production\/wp-content\/uploads\/2017\/06\/george-trakas-lamelouze-a-demeure-3-624x740.jpg 624w, https:\/\/www.a-demeure.org\/production\/wp-content\/uploads\/2017\/06\/george-trakas-lamelouze-a-demeure-3.jpg 862w\" sizes=\"auto, (max-width: 80px) 100vw, 80px\" \/><\/a>\n\t\t\t<\/dt><\/dl><dl class='gallery-item'>\n\t\t\t<dt class='gallery-icon landscape'>\n\t\t\t\t<a href='https:\/\/www.a-demeure.org\/production\/wp-content\/uploads\/2017\/06\/george-trakas-lamelouze-a-demeure-4.jpg'><img loading=\"lazy\" decoding=\"async\" width=\"142\" height=\"95\" src=\"https:\/\/www.a-demeure.org\/production\/wp-content\/uploads\/2017\/06\/george-trakas-lamelouze-a-demeure-4-142x95.jpg\" class=\"attachment-thumbnail size-thumbnail\" alt=\"\" srcset=\"https:\/\/www.a-demeure.org\/production\/wp-content\/uploads\/2017\/06\/george-trakas-lamelouze-a-demeure-4-142x95.jpg 142w, https:\/\/www.a-demeure.org\/production\/wp-content\/uploads\/2017\/06\/george-trakas-lamelouze-a-demeure-4-300x200.jpg 300w, https:\/\/www.a-demeure.org\/production\/wp-content\/uploads\/2017\/06\/george-trakas-lamelouze-a-demeure-4-624x416.jpg 624w, https:\/\/www.a-demeure.org\/production\/wp-content\/uploads\/2017\/06\/george-trakas-lamelouze-a-demeure-4.jpg 1024w\" sizes=\"auto, (max-width: 142px) 100vw, 142px\" \/><\/a>\n\t\t\t<\/dt><\/dl><br style=\"clear: both\" \/><dl class='gallery-item'>\n\t\t\t<dt class='gallery-icon landscape'>\n\t\t\t\t<a href='https:\/\/www.a-demeure.org\/production\/wp-content\/uploads\/2017\/06\/george-trakas-lamelouze-a-demeure-6.jpg'><img loading=\"lazy\" decoding=\"async\" width=\"126\" height=\"95\" src=\"https:\/\/www.a-demeure.org\/production\/wp-content\/uploads\/2017\/06\/george-trakas-lamelouze-a-demeure-6-126x95.jpg\" class=\"attachment-thumbnail size-thumbnail\" alt=\"\" srcset=\"https:\/\/www.a-demeure.org\/production\/wp-content\/uploads\/2017\/06\/george-trakas-lamelouze-a-demeure-6-126x95.jpg 126w, https:\/\/www.a-demeure.org\/production\/wp-content\/uploads\/2017\/06\/george-trakas-lamelouze-a-demeure-6-300x225.jpg 300w, https:\/\/www.a-demeure.org\/production\/wp-content\/uploads\/2017\/06\/george-trakas-lamelouze-a-demeure-6-624x468.jpg 624w, https:\/\/www.a-demeure.org\/production\/wp-content\/uploads\/2017\/06\/george-trakas-lamelouze-a-demeure-6.jpg 1024w\" sizes=\"auto, (max-width: 126px) 100vw, 126px\" \/><\/a>\n\t\t\t<\/dt><\/dl><dl class='gallery-item'>\n\t\t\t<dt class='gallery-icon landscape'>\n\t\t\t\t<a href='https:\/\/www.a-demeure.org\/production\/wp-content\/uploads\/2017\/06\/george-trakas-lamelouze-a-demeure-7.jpg'><img loading=\"lazy\" decoding=\"async\" width=\"126\" height=\"95\" src=\"https:\/\/www.a-demeure.org\/production\/wp-content\/uploads\/2017\/06\/george-trakas-lamelouze-a-demeure-7-126x95.jpg\" class=\"attachment-thumbnail size-thumbnail\" alt=\"\" srcset=\"https:\/\/www.a-demeure.org\/production\/wp-content\/uploads\/2017\/06\/george-trakas-lamelouze-a-demeure-7-126x95.jpg 126w, https:\/\/www.a-demeure.org\/production\/wp-content\/uploads\/2017\/06\/george-trakas-lamelouze-a-demeure-7-300x225.jpg 300w, https:\/\/www.a-demeure.org\/production\/wp-content\/uploads\/2017\/06\/george-trakas-lamelouze-a-demeure-7-624x468.jpg 624w, https:\/\/www.a-demeure.org\/production\/wp-content\/uploads\/2017\/06\/george-trakas-lamelouze-a-demeure-7.jpg 1024w\" sizes=\"auto, (max-width: 126px) 100vw, 126px\" \/><\/a>\n\t\t\t<\/dt><\/dl><dl class='gallery-item'>\n\t\t\t<dt class='gallery-icon landscape'>\n\t\t\t\t<a href='https:\/\/www.a-demeure.org\/production\/wp-content\/uploads\/2017\/06\/george-trakas-lamelouze-a-demeure-8.jpg'><img loading=\"lazy\" decoding=\"async\" width=\"126\" height=\"95\" src=\"https:\/\/www.a-demeure.org\/production\/wp-content\/uploads\/2017\/06\/george-trakas-lamelouze-a-demeure-8-126x95.jpg\" class=\"attachment-thumbnail size-thumbnail\" alt=\"\" srcset=\"https:\/\/www.a-demeure.org\/production\/wp-content\/uploads\/2017\/06\/george-trakas-lamelouze-a-demeure-8-126x95.jpg 126w, https:\/\/www.a-demeure.org\/production\/wp-content\/uploads\/2017\/06\/george-trakas-lamelouze-a-demeure-8-300x225.jpg 300w, https:\/\/www.a-demeure.org\/production\/wp-content\/uploads\/2017\/06\/george-trakas-lamelouze-a-demeure-8-624x468.jpg 624w, https:\/\/www.a-demeure.org\/production\/wp-content\/uploads\/2017\/06\/george-trakas-lamelouze-a-demeure-8.jpg 1024w\" sizes=\"auto, (max-width: 126px) 100vw, 126px\" \/><\/a>\n\t\t\t<\/dt><\/dl><dl class='gallery-item'>\n\t\t\t<dt class='gallery-icon landscape'>\n\t\t\t\t<a href='https:\/\/www.a-demeure.org\/production\/wp-content\/uploads\/2017\/06\/george-trakas-lamelouze-a-demeure-9.jpg'><img loading=\"lazy\" decoding=\"async\" width=\"142\" height=\"95\" src=\"https:\/\/www.a-demeure.org\/production\/wp-content\/uploads\/2017\/06\/george-trakas-lamelouze-a-demeure-9-142x95.jpg\" class=\"attachment-thumbnail size-thumbnail\" alt=\"\" srcset=\"https:\/\/www.a-demeure.org\/production\/wp-content\/uploads\/2017\/06\/george-trakas-lamelouze-a-demeure-9-142x95.jpg 142w, https:\/\/www.a-demeure.org\/production\/wp-content\/uploads\/2017\/06\/george-trakas-lamelouze-a-demeure-9-300x200.jpg 300w, https:\/\/www.a-demeure.org\/production\/wp-content\/uploads\/2017\/06\/george-trakas-lamelouze-a-demeure-9-624x416.jpg 624w, https:\/\/www.a-demeure.org\/production\/wp-content\/uploads\/2017\/06\/george-trakas-lamelouze-a-demeure-9.jpg 1024w\" sizes=\"auto, (max-width: 142px) 100vw, 142px\" \/><\/a>\n\t\t\t<\/dt><\/dl><br style=\"clear: both\" \/><dl class='gallery-item'>\n\t\t\t<dt class='gallery-icon portrait'>\n\t\t\t\t<a href='https:\/\/www.a-demeure.org\/production\/wp-content\/uploads\/2017\/06\/george-trakas-lamelouze-a-demeure-10.jpg'><img loading=\"lazy\" decoding=\"async\" width=\"63\" height=\"95\" src=\"https:\/\/www.a-demeure.org\/production\/wp-content\/uploads\/2017\/06\/george-trakas-lamelouze-a-demeure-10-63x95.jpg\" class=\"attachment-thumbnail size-thumbnail\" alt=\"\" srcset=\"https:\/\/www.a-demeure.org\/production\/wp-content\/uploads\/2017\/06\/george-trakas-lamelouze-a-demeure-10-63x95.jpg 63w, https:\/\/www.a-demeure.org\/production\/wp-content\/uploads\/2017\/06\/george-trakas-lamelouze-a-demeure-10-200x300.jpg 200w, https:\/\/www.a-demeure.org\/production\/wp-content\/uploads\/2017\/06\/george-trakas-lamelouze-a-demeure-10-624x935.jpg 624w, https:\/\/www.a-demeure.org\/production\/wp-content\/uploads\/2017\/06\/george-trakas-lamelouze-a-demeure-10.jpg 683w\" sizes=\"auto, (max-width: 63px) 100vw, 63px\" \/><\/a>\n\t\t\t<\/dt><\/dl><dl class='gallery-item'>\n\t\t\t<dt class='gallery-icon landscape'>\n\t\t\t\t<a href='https:\/\/www.a-demeure.org\/production\/wp-content\/uploads\/2017\/06\/george-trakas-lamelouze-a-demeure-11.jpg'><img loading=\"lazy\" decoding=\"async\" width=\"142\" height=\"95\" src=\"https:\/\/www.a-demeure.org\/production\/wp-content\/uploads\/2017\/06\/george-trakas-lamelouze-a-demeure-11-142x95.jpg\" class=\"attachment-thumbnail size-thumbnail\" alt=\"\" srcset=\"https:\/\/www.a-demeure.org\/production\/wp-content\/uploads\/2017\/06\/george-trakas-lamelouze-a-demeure-11-142x95.jpg 142w, https:\/\/www.a-demeure.org\/production\/wp-content\/uploads\/2017\/06\/george-trakas-lamelouze-a-demeure-11-300x200.jpg 300w, https:\/\/www.a-demeure.org\/production\/wp-content\/uploads\/2017\/06\/george-trakas-lamelouze-a-demeure-11-624x416.jpg 624w, https:\/\/www.a-demeure.org\/production\/wp-content\/uploads\/2017\/06\/george-trakas-lamelouze-a-demeure-11.jpg 1024w\" sizes=\"auto, (max-width: 142px) 100vw, 142px\" \/><\/a>\n\t\t\t<\/dt><\/dl>\n\t\t\t<br style='clear: both' \/>\n\t\t<\/div>\n\n\n\t\t<style type=\"text\/css\">\n\t\t\t#gallery-2 {\n\t\t\t\tmargin: auto;\n\t\t\t}\n\t\t\t#gallery-2 .gallery-item {\n\t\t\t\tfloat: left;\n\t\t\t\tmargin-top: 10px;\n\t\t\t\ttext-align: center;\n\t\t\t\twidth: 25%;\n\t\t\t}\n\t\t\t#gallery-2 img {\n\t\t\t\tborder: 2px solid #cfcfcf;\n\t\t\t}\n\t\t\t#gallery-2 .gallery-caption {\n\t\t\t\tmargin-left: 0;\n\t\t\t}\n\t\t\t\/* see gallery_shortcode() in wp-includes\/media.php *\/\n\t\t<\/style>\n\t\t<div id='gallery-2' class='gallery galleryid-1967 gallery-columns-4 gallery-size-thumbnail'><dl class='gallery-item'>\n\t\t\t<dt class='gallery-icon portrait'>\n\t\t\t\t<a href='https:\/\/www.a-demeure.org\/production\/wp-content\/uploads\/2017\/06\/editions-du-sec-a-l-eau-george-trakas-1.jpg'><img loading=\"lazy\" decoding=\"async\" width=\"67\" height=\"95\" src=\"https:\/\/www.a-demeure.org\/production\/wp-content\/uploads\/2017\/06\/editions-du-sec-a-l-eau-george-trakas-1-67x95.jpg\" class=\"attachment-thumbnail size-thumbnail\" alt=\"\" srcset=\"https:\/\/www.a-demeure.org\/production\/wp-content\/uploads\/2017\/06\/editions-du-sec-a-l-eau-george-trakas-1-67x95.jpg 67w, https:\/\/www.a-demeure.org\/production\/wp-content\/uploads\/2017\/06\/editions-du-sec-a-l-eau-george-trakas-1-211x300.jpg 211w, https:\/\/www.a-demeure.org\/production\/wp-content\/uploads\/2017\/06\/editions-du-sec-a-l-eau-george-trakas-1.jpg 595w\" sizes=\"auto, (max-width: 67px) 100vw, 67px\" \/><\/a>\n\t\t\t<\/dt><\/dl><dl class='gallery-item'>\n\t\t\t<dt class='gallery-icon landscape'>\n\t\t\t\t<a href='https:\/\/www.a-demeure.org\/production\/wp-content\/uploads\/2017\/06\/editions-du-sec-a-l-eau-george-trakas-2.jpg'><img loading=\"lazy\" decoding=\"async\" width=\"134\" height=\"95\" src=\"https:\/\/www.a-demeure.org\/production\/wp-content\/uploads\/2017\/06\/editions-du-sec-a-l-eau-george-trakas-2-134x95.jpg\" class=\"attachment-thumbnail size-thumbnail\" alt=\"\" srcset=\"https:\/\/www.a-demeure.org\/production\/wp-content\/uploads\/2017\/06\/editions-du-sec-a-l-eau-george-trakas-2-134x95.jpg 134w, https:\/\/www.a-demeure.org\/production\/wp-content\/uploads\/2017\/06\/editions-du-sec-a-l-eau-george-trakas-2-300x212.jpg 300w, https:\/\/www.a-demeure.org\/production\/wp-content\/uploads\/2017\/06\/editions-du-sec-a-l-eau-george-trakas-2-624x441.jpg 624w, https:\/\/www.a-demeure.org\/production\/wp-content\/uploads\/2017\/06\/editions-du-sec-a-l-eau-george-trakas-2.jpg 1024w\" sizes=\"auto, (max-width: 134px) 100vw, 134px\" \/><\/a>\n\t\t\t<\/dt><\/dl><dl class='gallery-item'>\n\t\t\t<dt class='gallery-icon landscape'>\n\t\t\t\t<a href='https:\/\/www.a-demeure.org\/production\/wp-content\/uploads\/2017\/06\/editions-du-sec-a-l-eau-george-trakas-3.jpg'><img loading=\"lazy\" decoding=\"async\" width=\"134\" height=\"95\" src=\"https:\/\/www.a-demeure.org\/production\/wp-content\/uploads\/2017\/06\/editions-du-sec-a-l-eau-george-trakas-3-134x95.jpg\" class=\"attachment-thumbnail size-thumbnail\" alt=\"\" srcset=\"https:\/\/www.a-demeure.org\/production\/wp-content\/uploads\/2017\/06\/editions-du-sec-a-l-eau-george-trakas-3-134x95.jpg 134w, https:\/\/www.a-demeure.org\/production\/wp-content\/uploads\/2017\/06\/editions-du-sec-a-l-eau-george-trakas-3-300x212.jpg 300w, https:\/\/www.a-demeure.org\/production\/wp-content\/uploads\/2017\/06\/editions-du-sec-a-l-eau-george-trakas-3-624x441.jpg 624w, https:\/\/www.a-demeure.org\/production\/wp-content\/uploads\/2017\/06\/editions-du-sec-a-l-eau-george-trakas-3.jpg 1024w\" sizes=\"auto, (max-width: 134px) 100vw, 134px\" \/><\/a>\n\t\t\t<\/dt><\/dl><dl class='gallery-item'>\n\t\t\t<dt class='gallery-icon landscape'>\n\t\t\t\t<a href='https:\/\/www.a-demeure.org\/production\/wp-content\/uploads\/2017\/06\/editions-du-sec-a-l-eau-george-trakas-4.jpg'><img loading=\"lazy\" decoding=\"async\" width=\"134\" height=\"95\" src=\"https:\/\/www.a-demeure.org\/production\/wp-content\/uploads\/2017\/06\/editions-du-sec-a-l-eau-george-trakas-4-134x95.jpg\" class=\"attachment-thumbnail size-thumbnail\" alt=\"\" srcset=\"https:\/\/www.a-demeure.org\/production\/wp-content\/uploads\/2017\/06\/editions-du-sec-a-l-eau-george-trakas-4-134x95.jpg 134w, https:\/\/www.a-demeure.org\/production\/wp-content\/uploads\/2017\/06\/editions-du-sec-a-l-eau-george-trakas-4-300x212.jpg 300w, https:\/\/www.a-demeure.org\/production\/wp-content\/uploads\/2017\/06\/editions-du-sec-a-l-eau-george-trakas-4-624x441.jpg 624w, https:\/\/www.a-demeure.org\/production\/wp-content\/uploads\/2017\/06\/editions-du-sec-a-l-eau-george-trakas-4.jpg 1024w\" sizes=\"auto, (max-width: 134px) 100vw, 134px\" \/><\/a>\n\t\t\t<\/dt><\/dl><br style=\"clear: both\" \/><dl class='gallery-item'>\n\t\t\t<dt class='gallery-icon landscape'>\n\t\t\t\t<a href='https:\/\/www.a-demeure.org\/production\/wp-content\/uploads\/2017\/06\/editions-du-sec-a-l-eau-george-trakas-5.jpg'><img loading=\"lazy\" decoding=\"async\" width=\"134\" height=\"95\" src=\"https:\/\/www.a-demeure.org\/production\/wp-content\/uploads\/2017\/06\/editions-du-sec-a-l-eau-george-trakas-5-134x95.jpg\" class=\"attachment-thumbnail size-thumbnail\" alt=\"\" srcset=\"https:\/\/www.a-demeure.org\/production\/wp-content\/uploads\/2017\/06\/editions-du-sec-a-l-eau-george-trakas-5-134x95.jpg 134w, https:\/\/www.a-demeure.org\/production\/wp-content\/uploads\/2017\/06\/editions-du-sec-a-l-eau-george-trakas-5-300x212.jpg 300w, https:\/\/www.a-demeure.org\/production\/wp-content\/uploads\/2017\/06\/editions-du-sec-a-l-eau-george-trakas-5-624x441.jpg 624w, https:\/\/www.a-demeure.org\/production\/wp-content\/uploads\/2017\/06\/editions-du-sec-a-l-eau-george-trakas-5.jpg 1024w\" sizes=\"auto, (max-width: 134px) 100vw, 134px\" \/><\/a>\n\t\t\t<\/dt><\/dl><dl class='gallery-item'>\n\t\t\t<dt class='gallery-icon landscape'>\n\t\t\t\t<a href='https:\/\/www.a-demeure.org\/production\/wp-content\/uploads\/2017\/06\/editions-du-sec-a-l-eau-george-trakas-6.jpg'><img loading=\"lazy\" decoding=\"async\" width=\"134\" height=\"95\" src=\"https:\/\/www.a-demeure.org\/production\/wp-content\/uploads\/2017\/06\/editions-du-sec-a-l-eau-george-trakas-6-134x95.jpg\" class=\"attachment-thumbnail size-thumbnail\" alt=\"\" srcset=\"https:\/\/www.a-demeure.org\/production\/wp-content\/uploads\/2017\/06\/editions-du-sec-a-l-eau-george-trakas-6-134x95.jpg 134w, https:\/\/www.a-demeure.org\/production\/wp-content\/uploads\/2017\/06\/editions-du-sec-a-l-eau-george-trakas-6-300x211.jpg 300w, https:\/\/www.a-demeure.org\/production\/wp-content\/uploads\/2017\/06\/editions-du-sec-a-l-eau-george-trakas-6-624x439.jpg 624w, https:\/\/www.a-demeure.org\/production\/wp-content\/uploads\/2017\/06\/editions-du-sec-a-l-eau-george-trakas-6.jpg 1024w\" sizes=\"auto, (max-width: 134px) 100vw, 134px\" \/><\/a>\n\t\t\t<\/dt><\/dl><dl class='gallery-item'>\n\t\t\t<dt class='gallery-icon landscape'>\n\t\t\t\t<a href='https:\/\/www.a-demeure.org\/production\/wp-content\/uploads\/2017\/06\/editions-du-sec-a-l-eau-george-trakas-7.jpg'><img loading=\"lazy\" decoding=\"async\" width=\"134\" height=\"95\" src=\"https:\/\/www.a-demeure.org\/production\/wp-content\/uploads\/2017\/06\/editions-du-sec-a-l-eau-george-trakas-7-134x95.jpg\" class=\"attachment-thumbnail size-thumbnail\" alt=\"\" srcset=\"https:\/\/www.a-demeure.org\/production\/wp-content\/uploads\/2017\/06\/editions-du-sec-a-l-eau-george-trakas-7-134x95.jpg 134w, https:\/\/www.a-demeure.org\/production\/wp-content\/uploads\/2017\/06\/editions-du-sec-a-l-eau-george-trakas-7-300x212.jpg 300w, https:\/\/www.a-demeure.org\/production\/wp-content\/uploads\/2017\/06\/editions-du-sec-a-l-eau-george-trakas-7-624x441.jpg 624w, https:\/\/www.a-demeure.org\/production\/wp-content\/uploads\/2017\/06\/editions-du-sec-a-l-eau-george-trakas-7.jpg 1024w\" sizes=\"auto, (max-width: 134px) 100vw, 134px\" \/><\/a>\n\t\t\t<\/dt><\/dl><dl class='gallery-item'>\n\t\t\t<dt class='gallery-icon landscape'>\n\t\t\t\t<a href='https:\/\/www.a-demeure.org\/production\/wp-content\/uploads\/2017\/06\/editions-du-sec-a-l-eau-george-trakas-8.jpg'><img loading=\"lazy\" decoding=\"async\" width=\"134\" height=\"95\" src=\"https:\/\/www.a-demeure.org\/production\/wp-content\/uploads\/2017\/06\/editions-du-sec-a-l-eau-george-trakas-8-134x95.jpg\" class=\"attachment-thumbnail size-thumbnail\" alt=\"\" srcset=\"https:\/\/www.a-demeure.org\/production\/wp-content\/uploads\/2017\/06\/editions-du-sec-a-l-eau-george-trakas-8-134x95.jpg 134w, https:\/\/www.a-demeure.org\/production\/wp-content\/uploads\/2017\/06\/editions-du-sec-a-l-eau-george-trakas-8-300x212.jpg 300w, https:\/\/www.a-demeure.org\/production\/wp-content\/uploads\/2017\/06\/editions-du-sec-a-l-eau-george-trakas-8-624x441.jpg 624w, https:\/\/www.a-demeure.org\/production\/wp-content\/uploads\/2017\/06\/editions-du-sec-a-l-eau-george-trakas-8.jpg 1024w\" sizes=\"auto, (max-width: 134px) 100vw, 134px\" \/><\/a>\n\t\t\t<\/dt><\/dl><br style=\"clear: both\" \/><dl class='gallery-item'>\n\t\t\t<dt class='gallery-icon landscape'>\n\t\t\t\t<a href='https:\/\/www.a-demeure.org\/production\/wp-content\/uploads\/2017\/06\/editions-du-sec-a-l-eau-george-trakas-9.jpg'><img loading=\"lazy\" decoding=\"async\" width=\"134\" height=\"95\" src=\"https:\/\/www.a-demeure.org\/production\/wp-content\/uploads\/2017\/06\/editions-du-sec-a-l-eau-george-trakas-9-134x95.jpg\" class=\"attachment-thumbnail size-thumbnail\" alt=\"\" srcset=\"https:\/\/www.a-demeure.org\/production\/wp-content\/uploads\/2017\/06\/editions-du-sec-a-l-eau-george-trakas-9-134x95.jpg 134w, https:\/\/www.a-demeure.org\/production\/wp-content\/uploads\/2017\/06\/editions-du-sec-a-l-eau-george-trakas-9-300x212.jpg 300w, https:\/\/www.a-demeure.org\/production\/wp-content\/uploads\/2017\/06\/editions-du-sec-a-l-eau-george-trakas-9-624x441.jpg 624w, https:\/\/www.a-demeure.org\/production\/wp-content\/uploads\/2017\/06\/editions-du-sec-a-l-eau-george-trakas-9.jpg 1024w\" sizes=\"auto, (max-width: 134px) 100vw, 134px\" \/><\/a>\n\t\t\t<\/dt><\/dl><dl class='gallery-item'>\n\t\t\t<dt class='gallery-icon landscape'>\n\t\t\t\t<a href='https:\/\/www.a-demeure.org\/production\/wp-content\/uploads\/2017\/06\/editions-du-sec-a-l-eau-george-trakas-10.jpg'><img loading=\"lazy\" decoding=\"async\" width=\"134\" height=\"95\" src=\"https:\/\/www.a-demeure.org\/production\/wp-content\/uploads\/2017\/06\/editions-du-sec-a-l-eau-george-trakas-10-134x95.jpg\" class=\"attachment-thumbnail size-thumbnail\" alt=\"\" srcset=\"https:\/\/www.a-demeure.org\/production\/wp-content\/uploads\/2017\/06\/editions-du-sec-a-l-eau-george-trakas-10-134x95.jpg 134w, https:\/\/www.a-demeure.org\/production\/wp-content\/uploads\/2017\/06\/editions-du-sec-a-l-eau-george-trakas-10-300x212.jpg 300w, https:\/\/www.a-demeure.org\/production\/wp-content\/uploads\/2017\/06\/editions-du-sec-a-l-eau-george-trakas-10-624x441.jpg 624w, https:\/\/www.a-demeure.org\/production\/wp-content\/uploads\/2017\/06\/editions-du-sec-a-l-eau-george-trakas-10.jpg 1024w\" sizes=\"auto, (max-width: 134px) 100vw, 134px\" \/><\/a>\n\t\t\t<\/dt><\/dl><dl class='gallery-item'>\n\t\t\t<dt class='gallery-icon landscape'>\n\t\t\t\t<a href='https:\/\/www.a-demeure.org\/production\/wp-content\/uploads\/2017\/06\/editions-du-sec-a-l-eau-george-trakas-11.jpg'><img loading=\"lazy\" decoding=\"async\" width=\"134\" height=\"95\" src=\"https:\/\/www.a-demeure.org\/production\/wp-content\/uploads\/2017\/06\/editions-du-sec-a-l-eau-george-trakas-11-134x95.jpg\" class=\"attachment-thumbnail size-thumbnail\" alt=\"\" srcset=\"https:\/\/www.a-demeure.org\/production\/wp-content\/uploads\/2017\/06\/editions-du-sec-a-l-eau-george-trakas-11-134x95.jpg 134w, https:\/\/www.a-demeure.org\/production\/wp-content\/uploads\/2017\/06\/editions-du-sec-a-l-eau-george-trakas-11-300x212.jpg 300w, https:\/\/www.a-demeure.org\/production\/wp-content\/uploads\/2017\/06\/editions-du-sec-a-l-eau-george-trakas-11-624x441.jpg 624w, https:\/\/www.a-demeure.org\/production\/wp-content\/uploads\/2017\/06\/editions-du-sec-a-l-eau-george-trakas-11.jpg 1024w\" sizes=\"auto, (max-width: 134px) 100vw, 134px\" \/><\/a>\n\t\t\t<\/dt><\/dl><dl class='gallery-item'>\n\t\t\t<dt class='gallery-icon landscape'>\n\t\t\t\t<a href='https:\/\/www.a-demeure.org\/production\/wp-content\/uploads\/2017\/06\/editions-du-sec-a-l-eau-george-trakas-12.jpg'><img loading=\"lazy\" decoding=\"async\" width=\"134\" height=\"95\" src=\"https:\/\/www.a-demeure.org\/production\/wp-content\/uploads\/2017\/06\/editions-du-sec-a-l-eau-george-trakas-12-134x95.jpg\" class=\"attachment-thumbnail size-thumbnail\" alt=\"\" srcset=\"https:\/\/www.a-demeure.org\/production\/wp-content\/uploads\/2017\/06\/editions-du-sec-a-l-eau-george-trakas-12-134x95.jpg 134w, https:\/\/www.a-demeure.org\/production\/wp-content\/uploads\/2017\/06\/editions-du-sec-a-l-eau-george-trakas-12-300x212.jpg 300w, https:\/\/www.a-demeure.org\/production\/wp-content\/uploads\/2017\/06\/editions-du-sec-a-l-eau-george-trakas-12-624x441.jpg 624w, https:\/\/www.a-demeure.org\/production\/wp-content\/uploads\/2017\/06\/editions-du-sec-a-l-eau-george-trakas-12.jpg 1024w\" sizes=\"auto, (max-width: 134px) 100vw, 134px\" \/><\/a>\n\t\t\t<\/dt><\/dl><br style=\"clear: both\" \/>\n\t\t<\/div>\n\n<p>Le 28 mai 2019, <em>Du sec \u00e0 l\u2019eau<\/em> a re\u00e7u le prix \u00ab Initiatives citoyennes et environnementales \u00bb par le CAUE du Gard.<\/p>\n\n\n<p><\/p>\n","protected":false},"excerpt":{"rendered":"<p>Du sec \u00e0 l&rsquo;eau Le village de Lamelouze, situ\u00e9 dans la vall\u00e9e du Galeizon, au nord d\u2019Al\u00e8s, fait partie du Parc national des C\u00e9vennes. Plusieurs associations professionnelles et culturelles y sont implant\u00e9es, avec lesquelles la municipalit\u00e9 entretient un partenariat \u00e9troit. En 2009, la commune a invit\u00e9 l\u2019association Sentiers \u00e0 mener des exp\u00e9rimentations artistiques sur un [&hellip;]<\/p>\n","protected":false},"author":2,"featured_media":1984,"comment_status":"closed","ping_status":"closed","sticky":false,"template":"","format":"standard","meta":{"footnotes":""},"categories":[7,13],"tags":[],"class_list":["post-1967","post","type-post","status-publish","format-standard","has-post-thumbnail","hentry","category-en-occitanie","category-realisations"],"_links":{"self":[{"href":"https:\/\/www.a-demeure.org\/production\/wp-json\/wp\/v2\/posts\/1967","targetHints":{"allow":["GET"]}}],"collection":[{"href":"https:\/\/www.a-demeure.org\/production\/wp-json\/wp\/v2\/posts"}],"about":[{"href":"https:\/\/www.a-demeure.org\/production\/wp-json\/wp\/v2\/types\/post"}],"author":[{"embeddable":true,"href":"https:\/\/www.a-demeure.org\/production\/wp-json\/wp\/v2\/users\/2"}],"replies":[{"embeddable":true,"href":"https:\/\/www.a-demeure.org\/production\/wp-json\/wp\/v2\/comments?post=1967"}],"version-history":[{"count":19,"href":"https:\/\/www.a-demeure.org\/production\/wp-json\/wp\/v2\/posts\/1967\/revisions"}],"predecessor-version":[{"id":2388,"href":"https:\/\/www.a-demeure.org\/production\/wp-json\/wp\/v2\/posts\/1967\/revisions\/2388"}],"wp:featuredmedia":[{"embeddable":true,"href":"https:\/\/www.a-demeure.org\/production\/wp-json\/wp\/v2\/media\/1984"}],"wp:attachment":[{"href":"https:\/\/www.a-demeure.org\/production\/wp-json\/wp\/v2\/media?parent=1967"}],"wp:term":[{"taxonomy":"category","embeddable":true,"href":"https:\/\/www.a-demeure.org\/production\/wp-json\/wp\/v2\/categories?post=1967"},{"taxonomy":"post_tag","embeddable":true,"href":"https:\/\/www.a-demeure.org\/production\/wp-json\/wp\/v2\/tags?post=1967"}],"curies":[{"name":"wp","href":"https:\/\/api.w.org\/{rel}","templated":true}]}}